{"id":6816,"date":"2020-10-22T12:08:46","date_gmt":"2020-10-22T15:08:46","guid":{"rendered":"http:\/\/dgospel.com.br\/portal\/?p=6816"},"modified":"2020-10-22T12:11:14","modified_gmt":"2020-10-22T15:11:14","slug":"brasil-apoia-proposta-para-que-pais-obriguem-filhos-a-estudarem-educacao-religiosa","status":"publish","type":"post","link":"https:\/\/dgospel.com.br\/portal\/index.php\/2020\/10\/22\/brasil-apoia-proposta-para-que-pais-obriguem-filhos-a-estudarem-educacao-religiosa\/","title":{"rendered":"Brasil apoia proposta que autorizaria a pais impor educa\u00e7\u00e3o religiosa ou moral a seus filhos"},"content":{"rendered":"\n<p>Com apoio de Brasil, Chile e Estados\nUnidos, a Bol\u00edvia apresentou na OEA (Organiza\u00e7\u00e3o dos Estados Americanos) uma\nproposta que autorizaria a pais impor educa\u00e7\u00e3o religiosa ou moral a seus\nfilhos. A ideia \u00e9 incluir um adendo a uma resolu\u00e7\u00e3o do \u00f3rg\u00e3o sobre direitos\nhumanos.<\/p>\n\n\n\n<p>O texto proposto \u00e0 resolu\u00e7\u00e3o,\ndiscutida nesta ter\u00e7a, 20, na Assembleia Geral da OEA, sugere \u201co direito ou a\nliberdade dos pais de que seus filhos recebam educa\u00e7\u00e3o moral e religiosa de\nacordo com suas cren\u00e7as\u201d.<\/p>\n\n\n\n<p>Segundo organiza\u00e7\u00f5es da sociedade\ncivil, o texto abre a porta para que pais adotem o ensino domiciliar e impe\u00e7am\nque crian\u00e7as aprendam conte\u00fados como a teoria da evolu\u00e7\u00e3o. A proposta tamb\u00e9m\npermitiria que pais interfiram na contrata\u00e7\u00e3o de professores a partir de suas\ncren\u00e7as religiosas.<\/p>\n\n\n\n<p>Sob cr\u00edticas das delega\u00e7\u00f5es de\nArgentina, M\u00e9xico, Canad\u00e1, Peru e Costa Rica, a linguagem do texto foi\namenizada, ressalvando que o interesse maior das crian\u00e7as em rela\u00e7\u00e3o ao ensino\ntem de ser respeitado.<\/p>\n\n\n\n<p>Mas o trecho sobre educa\u00e7\u00e3o moral de\nacordo com as cren\u00e7as dos pais ainda foi mantido no texto em discuss\u00e3o. A\nAssembleia Geral termina nesta quarta-feira, 21).<\/p>\n\n\n\n<p>O apoio de Brasil e EUA \u00e0 proposta se\ninsere no contexto da Alian\u00e7a Internacional para Liberdade Religiosa, lan\u00e7ada\nno ano passado. A iniciativa visa defender todas as religi\u00f5es, mas o tema foi\nabra\u00e7ado especialmente por evang\u00e9licos e cat\u00f3licos mais atuantes.<\/p>\n\n\n\n<p>O posicionamento na OEA tamb\u00e9m remete\nao combate \u00e0 \u201ccristofobia\u201d assinalada por Jair Bolsonaro na Assembleia Geral da\nONU, em setembro.<\/p>\n\n\n\n<p>Em seu discurso, o presidente\nbrasileiro fez \u201capelo a toda a comunidade internacional pela liberdade\nreligiosa e pelo combate \u00e0 cristofobia\u201d e afirmou que o Brasil \u00e9 um \u201cpa\u00eds\ncrist\u00e3o e conservador, que tem na fam\u00edlia sua base\u201d.<\/p>\n\n\n\n<p>Em uma postagem da campanha\n#OEAProVida, ativistas afirmam que a \u201cCovid-19 demonstrou que a fam\u00edlia \u00e9 muito\nmais necess\u00e1ria e eficaz que o Estado\u201d. \u201cA fam\u00edlia funcionou como escola,\nhospital e apoio econ\u00f4mico. Lares est\u00e1veis, com pai e m\u00e3e presentes, deram mais\nbem-estar a todos os seus membros\u201d.<\/p>\n\n\n\n<p>No caso do Chile, o interesse pela\nresolu\u00e7\u00e3o se justifica porque o texto garantiria autonomia para escolas\nreligiosas escolherem seus professores. O governo do pa\u00eds foi denunciado pela\nComiss\u00e3o Interamericana de Direitos Humanos (CIDH) no ano passado por demitir\numa freira que era professora de religi\u00e3o em uma escola municipal, ap\u00f3s ela\nrevelar que \u00e9 l\u00e9sbica.<\/p>\n\n\n\n<p><strong>Fonte: Folha de S\u00e3o Paulo via\nAmazonas Atual<\/strong><\/p>\n\n\n\n<p>Fonte: \u00a0<a href=\"https:\/\/folhagospel.com\/author\/folhagospel\/\">Folha Gospel<\/a><\/p>\n","protected":false},"excerpt":{"rendered":"<p>Com apoio de Brasil, Chile e Estados Unidos, a Bol\u00edvia apresentou na OEA (Organiza\u00e7\u00e3o dos Estados Americanos) uma proposta que autorizaria a pais impor educa\u00e7\u00e3o religiosa ou moral a seus filhos. A ideia \u00e9 incluir um adendo a uma resolu\u00e7\u00e3o do \u00f3rg\u00e3o sobre direitos humanos. O texto proposto \u00e0 resolu\u00e7\u00e3o, discutida nesta ter\u00e7a, 20, na [&hellip;]<\/p>\n","protected":false},"author":2,"featured_media":6817,"comment_status":"open","ping_status":"open","sticky":false,"template":"","format":"standard","meta":[],"categories":[17,5],"tags":[13],"_links":{"self":[{"href":"https:\/\/dgospel.com.br\/portal\/index.php\/wp-json\/wp\/v2\/posts\/6816"}],"collection":[{"href":"https:\/\/dgospel.com.br\/portal\/index.php\/wp-json\/wp\/v2\/posts"}],"about":[{"href":"https:\/\/dgospel.com.br\/portal\/index.php\/wp-json\/wp\/v2\/types\/post"}],"author":[{"embeddable":true,"href":"https:\/\/dgospel.com.br\/portal\/index.php\/wp-json\/wp\/v2\/users\/2"}],"replies":[{"embeddable":true,"href":"https:\/\/dgospel.com.br\/portal\/index.php\/wp-json\/wp\/v2\/comments?post=6816"}],"version-history":[{"count":2,"href":"https:\/\/dgospel.com.br\/portal\/index.php\/wp-json\/wp\/v2\/posts\/6816\/revisions"}],"predecessor-version":[{"id":6819,"href":"https:\/\/dgospel.com.br\/portal\/index.php\/wp-json\/wp\/v2\/posts\/6816\/revisions\/6819"}],"wp:featuredmedia":[{"embeddable":true,"href":"https:\/\/dgospel.com.br\/portal\/index.php\/wp-json\/wp\/v2\/media\/6817"}],"wp:attachment":[{"href":"https:\/\/dgospel.com.br\/portal\/index.php\/wp-json\/wp\/v2\/media?parent=6816"}],"wp:term":[{"taxonomy":"category","embeddable":true,"href":"https:\/\/dgospel.com.br\/portal\/index.php\/wp-json\/wp\/v2\/categories?post=6816"},{"taxonomy":"post_tag","embeddable":true,"href":"https:\/\/dgospel.com.br\/portal\/index.php\/wp-json\/wp\/v2\/tags?post=6816"}],"curies":[{"name":"wp","href":"https:\/\/api.w.org\/{rel}","templated":true}]}}