{"id":6826,"date":"2020-10-28T00:31:00","date_gmt":"2020-10-28T03:31:00","guid":{"rendered":"http:\/\/dgospel.com.br\/portal\/?p=6826"},"modified":"2020-10-28T00:31:01","modified_gmt":"2020-10-28T03:31:01","slug":"minha-prioridade-hoje-e-cantar-pra-jesus-diz-luciano-camargo","status":"publish","type":"post","link":"https:\/\/dgospel.com.br\/portal\/index.php\/2020\/10\/28\/minha-prioridade-hoje-e-cantar-pra-jesus-diz-luciano-camargo\/","title":{"rendered":"\u201cMinha prioridade, hoje, \u00e9 cantar pra Jesus\u201d, diz Luciano Camargo"},"content":{"rendered":"\n<p>O cantor Luciano\nCamargo deu novas declara\u00e7\u00f5es a respeito do lan\u00e7amento de seu \u00e1lbum gospel. O\ntrabalho solo \u00e9 a realiza\u00e7\u00e3o de um sonho dele e tamb\u00e9m de sua m\u00e3e, dona Helena.<\/p>\n\n\n\n<p>\u2013 A primeira vez\nque a sementinha desse projeto foi colocada em mim, foi atrav\u00e9s da minha m\u00e3e h\u00e1\n20 anos. O tempo foi passando e essa vontade em mim foi crescendo, mas h\u00e1 tr\u00eas\nanos, eu liguei para meu produtor falando que eu queria muito fazer esse projeto,\nmas a gente n\u00e3o deu o start \u2013 disse ele, ao portal G1.<\/p>\n\n\n\n<p>A primeira m\u00fasica,\nTempo, foi lan\u00e7ada nesse m\u00eas. A can\u00e7\u00e3o faz parte do primeiro EP do cantor, que\nestar\u00e1 dispon\u00edvel no final de novembro. Outro EP, com 8 singles, ser\u00e1 lan\u00e7ado\nno pr\u00f3ximo ano.<\/p>\n\n\n\n<p>Luciano tamb\u00e9m\nfalou sobre sua carreira secular e descartou o fim da dupla com o irm\u00e3o, Zez\u00e9\ndi Camargo.<\/p>\n\n\n\n<p>\u2013 N\u00e3o existe Zez\u00e9\nDi Camargo sem o Luciano e n\u00e3o existe o Luciano sem Zez\u00e9 Di Camargo. \u00c9 um\nprojeto solo, \u00e9 um projeto pessoal \u2013 explicou.<\/p>\n\n\n\n<p>Ele disse ainda que\no lan\u00e7amento n\u00e3o foi resultado da pandemia. Luciano contou que se converteu ao\nevangelho h\u00e1 17 anos.<\/p>\n\n\n\n<p>\u2013 Eu tenho certeza\nque se n\u00e3o tivesse tido a pandemia, aconteceria de todo jeito, porque j\u00e1 estava\nem mim, independente de pandemia ou n\u00e3o. Eu n\u00e3o posso dizer se outros artistas\nque gravaram louvores esse ano, artistas seculares, o que levou eles a gravarem.\nEu sei de mim, o que trouxe essa minha vontade. Foi primeiro o pedido da minha\nm\u00e3e. E tamb\u00e9m a minha mulher, porque a primeira vez que eu entrei em uma igreja\nfoi com a Fau, h\u00e1 17 anos. Eu me converti naquela \u00e9poca.<\/p>\n\n\n\n<p>Sobre as m\u00fasicas,\nele citou composi\u00e7\u00f5es de nomes j\u00e1 conhecidos no cen\u00e1rio gospel, como Anderson\nFreire e a esposa dele, Raquel Freire, al\u00e9m de Andr\u00e9 Freire e Gabriela Rocha.\nLuciano disse que se identifica bastante com m\u00fasicas do estilo worship\n(adora\u00e7\u00e3o).<\/p>\n\n\n\n<p>\u2013 O que coloco\nnesse projeto s\u00e3o louvores congregacionais, pentecostais e worship, que \u00e9 a\ndoa\u00e7\u00e3o, \u00e9 onde me identifico muito. O worship realmente \u00e9 o que mais me\nidentifico \u2013 falou.<\/p>\n\n\n\n<p>O sertanejo revelou\nainda que sua prioridade, no momento, \u00e9 cantar para Jesus. Ele disse que n\u00e3o\nest\u00e1 criando uma carreira paralela com foco no sucesso e garantiu que n\u00e3o se\nimporta com cr\u00edticas.<\/p>\n\n\n\n<p>\u2013 Em tudo, a minha\nprioridade hoje \u00e9 cantar pra Jesus. \u00c9 ser de fato Dele. Isso \u00e9 o que importa\npra mim. N\u00e3o importa que de repente algu\u00e9m possa escrever e insinuar e achar\nque a sua mentira \u00e9 uma verdade. Pra mim, n\u00e3o importa. Quando eu vou dormir,\nque eu dobro meu joelho e fa\u00e7o minha ora\u00e7\u00e3o, quem t\u00e1 ali sentindo o meu cora\u00e7\u00e3o\ne ouvindo a minha voz \u00e9 Deus. E ele me ouve h\u00e1 trinta anos, tanto que tudo o\nque consegui foi atrav\u00e9s da m\u00fasica. N\u00e3o estou criando um caminho paralelo\nporque deixei de ser sucesso. (\u2026) Eu estou muito tranquilo. Sei sim que muitos\nv\u00e3o fazer cr\u00edticas. E n\u00e3o tenho nenhuma pretens\u00e3o de pregar numa igreja, pra\nisso existem os pastores que s\u00e3o muito bem conduzidos, guiados, para ministrar\na palavra.<\/p>\n\n\n\n<p>Camargo afirmou que\nn\u00e3o pensa em fazer turn\u00ea no meio evang\u00e9lico. Por\u00e9m, ele admitiu que tem vontade\nde cantar na igreja.<\/p>\n\n\n\n<p>\u2013 Eu n\u00e3o posso\ndizer pra voc\u00ea que gravei pensando em uma turn\u00ea porque eu n\u00e3o sou artista do\nuniverso gospel. Pra fazer uma turn\u00ea voc\u00ea tem que virar sucesso, um mega\nsucesso, e n\u00e3o \u00e9 o intuito. O intuito, antes, no come\u00e7o, era s\u00f3 colocar no\ndigital. Ele foi crescendo. Mas n\u00e3o tenho pretens\u00e3o de fazer show, nenhuma.\nTenho uma, que \u00e9 louv\u00e1-lo na igreja. Passei muito tempo querendo isso. Eu fico\nvendo os grupos de louvores da minha igreja e quando vejo na internet\u2026 isso eu\ntenho vontade, de cantar em uma igreja.<\/p>\n","protected":false},"excerpt":{"rendered":"<p>O cantor Luciano Camargo deu novas declara\u00e7\u00f5es a respeito do lan\u00e7amento de seu \u00e1lbum gospel. O trabalho solo \u00e9 a realiza\u00e7\u00e3o de um sonho dele e tamb\u00e9m de sua m\u00e3e, dona Helena. \u2013 A primeira vez que a sementinha desse projeto foi colocada em mim, foi atrav\u00e9s da minha m\u00e3e h\u00e1 20 anos. O tempo [&hellip;]<\/p>\n","protected":false},"author":2,"featured_media":6827,"comment_status":"open","ping_status":"open","sticky":false,"template":"","format":"standard","meta":[],"categories":[17,5],"tags":[],"_links":{"self":[{"href":"https:\/\/dgospel.com.br\/portal\/index.php\/wp-json\/wp\/v2\/posts\/6826"}],"collection":[{"href":"https:\/\/dgospel.com.br\/portal\/index.php\/wp-json\/wp\/v2\/posts"}],"about":[{"href":"https:\/\/dgospel.com.br\/portal\/index.php\/wp-json\/wp\/v2\/types\/post"}],"author":[{"embeddable":true,"href":"https:\/\/dgospel.com.br\/portal\/index.php\/wp-json\/wp\/v2\/users\/2"}],"replies":[{"embeddable":true,"href":"https:\/\/dgospel.com.br\/portal\/index.php\/wp-json\/wp\/v2\/comments?post=6826"}],"version-history":[{"count":1,"href":"https:\/\/dgospel.com.br\/portal\/index.php\/wp-json\/wp\/v2\/posts\/6826\/revisions"}],"predecessor-version":[{"id":6828,"href":"https:\/\/dgospel.com.br\/portal\/index.php\/wp-json\/wp\/v2\/posts\/6826\/revisions\/6828"}],"wp:featuredmedia":[{"embeddable":true,"href":"https:\/\/dgospel.com.br\/portal\/index.php\/wp-json\/wp\/v2\/media\/6827"}],"wp:attachment":[{"href":"https:\/\/dgospel.com.br\/portal\/index.php\/wp-json\/wp\/v2\/media?parent=6826"}],"wp:term":[{"taxonomy":"category","embeddable":true,"href":"https:\/\/dgospel.com.br\/portal\/index.php\/wp-json\/wp\/v2\/categories?post=6826"},{"taxonomy":"post_tag","embeddable":true,"href":"https:\/\/dgospel.com.br\/portal\/index.php\/wp-json\/wp\/v2\/tags?post=6826"}],"curies":[{"name":"wp","href":"https:\/\/api.w.org\/{rel}","templated":true}]}}