{"id":6829,"date":"2020-10-28T00:39:00","date_gmt":"2020-10-28T03:39:00","guid":{"rendered":"http:\/\/dgospel.com.br\/portal\/?p=6829"},"modified":"2020-10-28T00:39:02","modified_gmt":"2020-10-28T03:39:02","slug":"deputado-quer-dispensar-uso-de-mascaras-em-templos-religiosos","status":"publish","type":"post","link":"https:\/\/dgospel.com.br\/portal\/index.php\/2020\/10\/28\/deputado-quer-dispensar-uso-de-mascaras-em-templos-religiosos\/","title":{"rendered":"Deputado quer dispensar uso de m\u00e1scaras em templos religiosos"},"content":{"rendered":"\n<p>O uso obrigat\u00f3rio\nde m\u00e1scaras, uma das medidas adotadas no combate \u00e0 pandemia de novo coronav\u00edrus,\npode ser revisto. Um&nbsp;<a href=\"https:\/\/www.camara.leg.br\/proposicoesWeb\/fichadetramitacao?idProposicao=2264269\" target=\"_blank\" rel=\"noreferrer noopener\">projeto de lei<\/a>&nbsp;apresentado\npelo deputado federal Giovani Cherini (PL-RS) quer tornar facultativa o uso da\nprote\u00e7\u00e3o em estabelecimentos \u201cque executem atividades essenciais\u201d, em templos\nreligiosos e em \u201cespa\u00e7os de acesso aberto ao p\u00fablico\u201d.<\/p>\n\n\n\n<p>Como justificativa\npara o projeto, o deputado mencionou a lei que tornou o uso da m\u00e1scara\nobrigat\u00f3ria e ressaltou que elas \u201cintegraram o conjunto de medidas n\u00e3o\nfarmacol\u00f3gicas que s\u00e3o fundamentais para a diminui\u00e7\u00e3o da transmiss\u00e3o da\ncovid-19, mas, que no nossos entender, n\u00e3o se faz necess\u00e1rio o seu uso em\ndeterminadas situa\u00e7\u00f5es elencadas nessa lei\u201d.<\/p>\n\n\n\n<p>Giovani Cherini\napontou que \u201cpessoas que entendem que devem continuar usando poder\u00e3o fazer com\ntranquilidade at\u00e9 porque o distanciamento social ter\u00e1 que ser observado\u201d.<\/p>\n\n\n\n<p>O parlamentar\ntamb\u00e9m disse ter mostrado preocupa\u00e7\u00e3o j\u00e1 que o uso \u201cdemasiado de m\u00e1scaras\nprejudica a respira\u00e7\u00e3o. O ar que respiramos tem em m\u00e9dia, 21% de Oxig\u00eanio, e o\nar que expelimos tem 0.3% de Oxig\u00eanio. O g\u00e1s carb\u00f4nico que somos obrigados a\ninspirar com a m\u00e1scara acidifica as c\u00e9lulas, fazendo abaixar a imunidade, tendo\npor consequ\u00eancias a manifesta\u00e7\u00e3o e a potencializa\u00e7\u00e3o de doen\u00e7as\npr\u00e9-existentes\u201d.<\/p>\n\n\n\n<p>Por fim, ele aponta\nque \u201cpessoas com boa imunidade s\u00e3o assintom\u00e1ticas em rela\u00e7\u00e3o ao covid-19,por\u00e9m,\no uso da m\u00e1scara pode torna-lo um doente\u201d<\/p>\n","protected":false},"excerpt":{"rendered":"<p>O uso obrigat\u00f3rio de m\u00e1scaras, uma das medidas adotadas no combate \u00e0 pandemia de novo coronav\u00edrus, pode ser revisto. Um&nbsp;projeto de lei&nbsp;apresentado pelo deputado federal Giovani Cherini (PL-RS) quer tornar facultativa o uso da prote\u00e7\u00e3o em estabelecimentos \u201cque executem atividades essenciais\u201d, em templos religiosos e em \u201cespa\u00e7os de acesso aberto ao p\u00fablico\u201d. Como justificativa para [&hellip;]<\/p>\n","protected":false},"author":2,"featured_media":6830,"comment_status":"open","ping_status":"open","sticky":false,"template":"","format":"standard","meta":[],"categories":[8,4],"tags":[13],"_links":{"self":[{"href":"https:\/\/dgospel.com.br\/portal\/index.php\/wp-json\/wp\/v2\/posts\/6829"}],"collection":[{"href":"https:\/\/dgospel.com.br\/portal\/index.php\/wp-json\/wp\/v2\/posts"}],"about":[{"href":"https:\/\/dgospel.com.br\/portal\/index.php\/wp-json\/wp\/v2\/types\/post"}],"author":[{"embeddable":true,"href":"https:\/\/dgospel.com.br\/portal\/index.php\/wp-json\/wp\/v2\/users\/2"}],"replies":[{"embeddable":true,"href":"https:\/\/dgospel.com.br\/portal\/index.php\/wp-json\/wp\/v2\/comments?post=6829"}],"version-history":[{"count":1,"href":"https:\/\/dgospel.com.br\/portal\/index.php\/wp-json\/wp\/v2\/posts\/6829\/revisions"}],"predecessor-version":[{"id":6831,"href":"https:\/\/dgospel.com.br\/portal\/index.php\/wp-json\/wp\/v2\/posts\/6829\/revisions\/6831"}],"wp:featuredmedia":[{"embeddable":true,"href":"https:\/\/dgospel.com.br\/portal\/index.php\/wp-json\/wp\/v2\/media\/6830"}],"wp:attachment":[{"href":"https:\/\/dgospel.com.br\/portal\/index.php\/wp-json\/wp\/v2\/media?parent=6829"}],"wp:term":[{"taxonomy":"category","embeddable":true,"href":"https:\/\/dgospel.com.br\/portal\/index.php\/wp-json\/wp\/v2\/categories?post=6829"},{"taxonomy":"post_tag","embeddable":true,"href":"https:\/\/dgospel.com.br\/portal\/index.php\/wp-json\/wp\/v2\/tags?post=6829"}],"curies":[{"name":"wp","href":"https:\/\/api.w.org\/{rel}","templated":true}]}}