{"id":6832,"date":"2020-10-28T00:42:10","date_gmt":"2020-10-28T03:42:10","guid":{"rendered":"http:\/\/dgospel.com.br\/portal\/?p=6832"},"modified":"2020-10-28T00:42:11","modified_gmt":"2020-10-28T03:42:11","slug":"governo-do-tocantins-reforca-que-protocolo-de-seguranca-em-saude-e-primeiro-passo-para-volta-as-aulas-presenciais","status":"publish","type":"post","link":"https:\/\/dgospel.com.br\/portal\/index.php\/2020\/10\/28\/governo-do-tocantins-reforca-que-protocolo-de-seguranca-em-saude-e-primeiro-passo-para-volta-as-aulas-presenciais\/","title":{"rendered":"Governo do Tocantins refor\u00e7a que Protocolo de Seguran\u00e7a em Sa\u00fade \u00e9 primeiro passo para volta \u00e0s aulas presenciais"},"content":{"rendered":"\n<p>Aliado a todas as medidas de seguran\u00e7a em sa\u00fade, o monitoramento constante dos casos da&nbsp;Covid-19 em todo o Estado \u00e9 fundamental para o retorno das aulas presenciais nas institui\u00e7\u00f5es que ofertam a Educa\u00e7\u00e3o B\u00e1sica e o Ensino Superior no Tocantins. Um calend\u00e1rio padr\u00e3o ser\u00e1 elaborado, mas o retorno depender\u00e1 desse monitoramento, havendo possibilidade de recuo em caso de aumento de casos. Essas e outras informa\u00e7\u00f5es foram repassadas \u00e0 imprensa, durante coletiva concedida ao final da tarde desta ter\u00e7a-feira, 27, na Secretaria de Estado da Educa\u00e7\u00e3o, Juventude e Esportes (Seduc), para esclarecer as medidas adotadas no Protocolo de Seguran\u00e7a em Sa\u00fade para retorno das aulas publicado pelo Governo do Tocantins (Portaria Conjunta n\u00ba 2\/2020).<\/p>\n\n\n\n<p>Mas independente do retorno das aulas presenciais, o ano letivo para os cerca de 16 mil alunos da 3\u00aa s\u00e9rie do Ensino M\u00e9dio da rede estadual de ensino encerra no dia 19 de dezembro. \u201cA nossa prioridade s\u00e3o os alunos da 3\u00aa s\u00e9rie do Ensino M\u00e9dio. Para n\u00e3o atrapalhar a carreira acad\u00eamica deles, optamos por retomar as aulas na forma n\u00e3o presencial no dia 29 de junho e eles conseguir\u00e3o concluir o ano letivo de 2020 no dia 19 de dezembro, independente do retorno presencial. Queremos muito ter esses alunos de volta \u00e0 sala de aula ainda este ano, mas isso depende de cada cen\u00e1rio local\u201d, ressaltou a titular da Seduc, Adriana Aguiar.<\/p>\n\n\n\n<p>Em toda a rede estadual de ensino existem cerca de 154 mil alunos distribu\u00eddos em 487 unidades escolares. \u201c\u00c9 importante ressaltar que esses alunos das 3\u00aa s\u00e9ries, ano que vem j\u00e1 n\u00e3o estar\u00e3o mais na rede estadual, por isso est\u00e3o sendo priorizados. Para os demais alunos, teremos todo&nbsp;o ano letivo de 2021 para definir estrat\u00e9gias e recuperar o aprendizado. N\u00e3o haver\u00e1 preju\u00edzo\u201d, assegura a secret\u00e1ria.<\/p>\n\n\n\n<p><strong>Ensino Superior<\/strong><\/p>\n\n\n\n<p>A not\u00edcia foi bem recebida pelo reitor da Universidade Estadual do Tocantins (Unitins), Augusto Rezende, que tamb\u00e9m participou da coletiva. \u201cNa certeza de contarmos com esses alunos vindos da rede p\u00fablica estadual, devemos realizar o vestibular para o semestre 2021\/1 no final janeiro para o in\u00edcio das aulas na data prov\u00e1vel de 22 de fevereiro, de modo que o semestre letivo seja conclu\u00eddo em julho, sem preju\u00edzo para o calend\u00e1rio acad\u00eamico das novas turmas\u201d, garantiu o reitor.<\/p>\n\n\n\n<p>Quanto \u00e0 retomada das atividades presenciais para os atuais acad\u00eamicos da Unitins, o reitor Augusto Rezende informou que as aulas te\u00f3ricas continuar\u00e3o sendo ministradas de modo remoto. \u201cO Ensino Superior se reinventou por conta da pandemia. Todas as institui\u00e7\u00f5es seguiram os protocolos estabelecidos desde o in\u00edcio, retomando suas atividades de forma remota. A grande dificuldade era quanto \u00e0s aulas pr\u00e1ticas e uso de laborat\u00f3rios, o que esse Protocolo de Seguran\u00e7a em Sa\u00fade j\u00e1 regulamenta, com turmas que n\u00e3o devem passar de 12 a 15 alunos. Temos um grande volume de atividades represadas, ent\u00e3o o Protocolo \u00e9 um marco para a retomada da pesquisa e das atividades pr\u00e1ticas\u201d, destacou o Reitor, acreditando que as demais institui\u00e7\u00f5es de Ensino Superior no \u00e2mbito do Tocantins tamb\u00e9m continuem com as aulas te\u00f3ricas de forma remota, retomando apenas as atividades pr\u00e1ticas, de pesquisa e laborat\u00f3rio na modalidade presencial.<\/p>\n\n\n\n<p><strong>Comiss\u00f5es locais<\/strong><\/p>\n\n\n\n<p>Conforme a Portaria Conjunta, cada unidade escolar deve constituir uma comiss\u00e3o local intitulada de Comiss\u00e3o Local de Seguran\u00e7a em Sa\u00fade e Preven\u00e7\u00e3o \u00e0 Covid-19 (Colsaude), seguindo o protocolo de seguran\u00e7a em sa\u00fade. No \u00e2mbito da rede estadual de ensino, a Seduc juntamente com as 13 Diretorias Regionais de Ensino e as comiss\u00e3o locais coordenar\u00e3o o processo de retomada das aulas, contribuindo para a adapta\u00e7\u00e3o dos protocolos \u00e0 realidade local, analisando o cen\u00e1rio em rela\u00e7\u00e3o \u00e0s etapas de implementa\u00e7\u00e3o de medidas de prote\u00e7\u00e3o \u00e0 seguran\u00e7a e sa\u00fade dos profissionais e estudantes no estabelecimento escolar.<\/p>\n\n\n\n<p>\u201cOs repasses \u00e0s escolas est\u00e3o em dia e elas est\u00e3o adquirindo os Equipamentos de Prote\u00e7\u00e3o Individual (Epis). Ainda assim, vamos refor\u00e7ar com o envio de \u00e1lcool em gel, dispensers, term\u00f4metros e m\u00e1scaras, que ser\u00e3o utilizados tanto pelos educadores quanto pelos alunos. Al\u00e9m disso, todas as escolas j\u00e1 foram sanitizadas e continuar\u00e3o sendo. Todos os protocolos de seguran\u00e7a em sa\u00fade ser\u00e3o seguidos\u201d, garantiu a secret\u00e1ria de Educa\u00e7\u00e3o, Adriana Aguiar.<\/p>\n\n\n\n<p>A superintendente de Vigil\u00e2ncia em Sa\u00fade da Secretaria de Estado da Sa\u00fade (SES), Perciliana Bezerra, complementou que desde o in\u00edcio da pandemia, o Comit\u00ea de Crise para Preven\u00e7\u00e3o da Covid-19 tem olhado com cuidado para Educa\u00e7\u00e3o. \u201cA retomada da atividade escolar \u00e9 diferente da retomada do com\u00e9rcio por exemplo. Requer de todos n\u00f3s um cuidado maior e o Protocolo de Seguran\u00e7a em Sa\u00fade foi feito por v\u00e1rias m\u00e3os justamente para nortear todas as a\u00e7\u00f5es de retorno das aulas, para que a sa\u00fade dos alunos, dos professores e toda a comunidade escolar seja preservada\u201d, destacou.<\/p>\n\n\n\n<p>Tamb\u00e9m participou da coletiva, o secret\u00e1rio executivo da Seduc e tamb\u00e9m presidente do Conselho Estadual de Educa\u00e7\u00e3o, Robson Vila Nova.<\/p>\n","protected":false},"excerpt":{"rendered":"<p>Aliado a todas as medidas de seguran\u00e7a em sa\u00fade, o monitoramento constante dos casos da&nbsp;Covid-19 em todo o Estado \u00e9 fundamental para o retorno das aulas presenciais nas institui\u00e7\u00f5es que ofertam a Educa\u00e7\u00e3o B\u00e1sica e o Ensino Superior no Tocantins. Um calend\u00e1rio padr\u00e3o ser\u00e1 elaborado, mas o retorno depender\u00e1 desse monitoramento, havendo possibilidade de recuo [&hellip;]<\/p>\n","protected":false},"author":2,"featured_media":6833,"comment_status":"open","ping_status":"open","sticky":false,"template":"","format":"standard","meta":[],"categories":[3],"tags":[13],"_links":{"self":[{"href":"https:\/\/dgospel.com.br\/portal\/index.php\/wp-json\/wp\/v2\/posts\/6832"}],"collection":[{"href":"https:\/\/dgospel.com.br\/portal\/index.php\/wp-json\/wp\/v2\/posts"}],"about":[{"href":"https:\/\/dgospel.com.br\/portal\/index.php\/wp-json\/wp\/v2\/types\/post"}],"author":[{"embeddable":true,"href":"https:\/\/dgospel.com.br\/portal\/index.php\/wp-json\/wp\/v2\/users\/2"}],"replies":[{"embeddable":true,"href":"https:\/\/dgospel.com.br\/portal\/index.php\/wp-json\/wp\/v2\/comments?post=6832"}],"version-history":[{"count":1,"href":"https:\/\/dgospel.com.br\/portal\/index.php\/wp-json\/wp\/v2\/posts\/6832\/revisions"}],"predecessor-version":[{"id":6834,"href":"https:\/\/dgospel.com.br\/portal\/index.php\/wp-json\/wp\/v2\/posts\/6832\/revisions\/6834"}],"wp:featuredmedia":[{"embeddable":true,"href":"https:\/\/dgospel.com.br\/portal\/index.php\/wp-json\/wp\/v2\/media\/6833"}],"wp:attachment":[{"href":"https:\/\/dgospel.com.br\/portal\/index.php\/wp-json\/wp\/v2\/media?parent=6832"}],"wp:term":[{"taxonomy":"category","embeddable":true,"href":"https:\/\/dgospel.com.br\/portal\/index.php\/wp-json\/wp\/v2\/categories?post=6832"},{"taxonomy":"post_tag","embeddable":true,"href":"https:\/\/dgospel.com.br\/portal\/index.php\/wp-json\/wp\/v2\/tags?post=6832"}],"curies":[{"name":"wp","href":"https:\/\/api.w.org\/{rel}","templated":true}]}}