{"id":6835,"date":"2020-10-28T18:42:53","date_gmt":"2020-10-28T21:42:53","guid":{"rendered":"http:\/\/dgospel.com.br\/portal\/?p=6835"},"modified":"2020-10-28T18:42:55","modified_gmt":"2020-10-28T21:42:55","slug":"sem-aluguel-eli-borges-vai-construir-sede-da-prefeitura-e-secretarias","status":"publish","type":"post","link":"https:\/\/dgospel.com.br\/portal\/index.php\/2020\/10\/28\/sem-aluguel-eli-borges-vai-construir-sede-da-prefeitura-e-secretarias\/","title":{"rendered":"Sem aluguel: Eli Borges vai construir sede da Prefeitura e Secretarias"},"content":{"rendered":"\n<p>O candidato a prefeito de Palmas pela coliga\u00e7\u00e3o&nbsp;\u201cUm Novo Tempo! Valorizando a Honestidade, a Fam\u00edlia, Governando com Deus e o Povo\u201d, Eli Borges (SD) anunciou que vai construir a sede da Prefeitura com todas as secretarias, no local do antigo Pa\u00e7o Municipal, que hoje funciona apenas como um anexo da administra\u00e7\u00e3o. L\u00e1 est\u00e3o o Instituto Municipal de Planejamento Urbano de Palmas, a Defesa Civil, a diretoria de Gest\u00e3o Ambiental da Funda\u00e7\u00e3o Municipal de Meio Ambiente, o Centro Integrado de Comando e Controle e a Central de Monitoramento Eletr\u00f4nico da Secretaria Municipal de Seguran\u00e7a e Mobilidade Urbana.<\/p>\n\n\n\n<p>\u201cVamos retomar o espa\u00e7o do Pa\u00e7o Municipal. Aquele espa\u00e7o foi concebido para isso, est\u00e1 perto do f\u00f3rum, da Defensoria P\u00fablica, ent\u00e3o vamos construir um pr\u00e9dio para ser a sede da Prefeitura, com uma estrutura moderna, funcional, que atenda a sociedade palmense em um mesmo lugar\u201d, ressalta Eli Borges.<\/p>\n\n\n\n<p>Outro ponto questionado pelo candidato Eli Borges \u00e9 o alto custo do aluguel da sede da prefeitura municipal, que funciona em um pr\u00e9dio alugado de oito andares na avenida JK, com um custo anual de mais de R$ 836 mil. \u201cSem contar que existem outros im\u00f3veis locados pela Prefeitura para funcionamento de secretarias\u201d, destaca. O pr\u00e9dio est\u00e1 alugado desde 2013.<\/p>\n\n\n\n<p>Eli Borges considera que a longo prazo o munic\u00edpio ter\u00e1 economia com a constru\u00e7\u00e3o do pa\u00e7o municipal. \u201cEm uma an\u00e1lise inicial parece que \u00e9 mais barato alugar, mas em uma an\u00e1lise ao longo do tempo fica mais barato e facilita a vida da sociedade\u201d, afirma. Segundo ele, a constru\u00e7\u00e3o ir\u00e1 ocorrer ao longo do mandato. \u201cA Prefeitura disp\u00f5e de um or\u00e7amento de cerca de R$ 1, 4 bilh\u00e3o, economizando e buscando recursos em Bras\u00edlia, vamos realizar essa obra e muitas outras ao longo de quatro anos\u201d, sustentou.<\/p>\n\n\n\n<p><strong>Agenda<\/strong><\/p>\n\n\n\n<p>O assunto foi tema de programa eleitoral, gravado nesta quarta-feira, dia 28. Em seguida, Eli Borges e o candidato a vice-prefeito Joseph Madeira (PDT), visitaram uma empresa&nbsp;especializada em tornearia mec\u00e2nica e metalurgia, onde falaram de suas propostas para Palmas, para o propriet\u00e1rio e seus empregados. \u201cEstou com Eli Borges porque ele vai fomentar a gera\u00e7\u00e3o de emprego, reduzir os impostos e promover a qualifica\u00e7\u00e3o profissional\u201d, afirmou Joseph Madeira. \u201cHaver\u00e1 um tempo novo na nossa economia, vamos recuperar os empregos perdidos na pandemia e criar novos postos de trabalho, dar uma oportunidade ao jovem desesperan\u00e7ado da nossa Capital, sem expectativa de emprego\u201d, declarou Eli Borges.<\/p>\n","protected":false},"excerpt":{"rendered":"<p>O candidato a prefeito de Palmas pela coliga\u00e7\u00e3o&nbsp;\u201cUm Novo Tempo! Valorizando a Honestidade, a Fam\u00edlia, Governando com Deus e o Povo\u201d, Eli Borges (SD) anunciou que vai construir a sede da Prefeitura com todas as secretarias, no local do antigo Pa\u00e7o Municipal, que hoje funciona apenas como um anexo da administra\u00e7\u00e3o. L\u00e1 est\u00e3o o Instituto [&hellip;]<\/p>\n","protected":false},"author":2,"featured_media":6836,"comment_status":"open","ping_status":"open","sticky":false,"template":"","format":"standard","meta":[],"categories":[4],"tags":[13],"_links":{"self":[{"href":"https:\/\/dgospel.com.br\/portal\/index.php\/wp-json\/wp\/v2\/posts\/6835"}],"collection":[{"href":"https:\/\/dgospel.com.br\/portal\/index.php\/wp-json\/wp\/v2\/posts"}],"about":[{"href":"https:\/\/dgospel.com.br\/portal\/index.php\/wp-json\/wp\/v2\/types\/post"}],"author":[{"embeddable":true,"href":"https:\/\/dgospel.com.br\/portal\/index.php\/wp-json\/wp\/v2\/users\/2"}],"replies":[{"embeddable":true,"href":"https:\/\/dgospel.com.br\/portal\/index.php\/wp-json\/wp\/v2\/comments?post=6835"}],"version-history":[{"count":1,"href":"https:\/\/dgospel.com.br\/portal\/index.php\/wp-json\/wp\/v2\/posts\/6835\/revisions"}],"predecessor-version":[{"id":6837,"href":"https:\/\/dgospel.com.br\/portal\/index.php\/wp-json\/wp\/v2\/posts\/6835\/revisions\/6837"}],"wp:featuredmedia":[{"embeddable":true,"href":"https:\/\/dgospel.com.br\/portal\/index.php\/wp-json\/wp\/v2\/media\/6836"}],"wp:attachment":[{"href":"https:\/\/dgospel.com.br\/portal\/index.php\/wp-json\/wp\/v2\/media?parent=6835"}],"wp:term":[{"taxonomy":"category","embeddable":true,"href":"https:\/\/dgospel.com.br\/portal\/index.php\/wp-json\/wp\/v2\/categories?post=6835"},{"taxonomy":"post_tag","embeddable":true,"href":"https:\/\/dgospel.com.br\/portal\/index.php\/wp-json\/wp\/v2\/tags?post=6835"}],"curies":[{"name":"wp","href":"https:\/\/api.w.org\/{rel}","templated":true}]}}