{"id":6842,"date":"2020-11-03T09:39:26","date_gmt":"2020-11-03T12:39:26","guid":{"rendered":"http:\/\/dgospel.com.br\/portal\/?p=6842"},"modified":"2020-11-03T09:39:27","modified_gmt":"2020-11-03T12:39:27","slug":"bolsonaro-diz-que-esta-confiante-em-relacao-a-vitoria-de-trump","status":"publish","type":"post","link":"https:\/\/dgospel.com.br\/portal\/index.php\/2020\/11\/03\/bolsonaro-diz-que-esta-confiante-em-relacao-a-vitoria-de-trump\/","title":{"rendered":"Bolsonaro diz que est\u00e1 confiante em rela\u00e7\u00e3o \u00e0 vit\u00f3ria de Trump"},"content":{"rendered":"\n<p> O presidente da Rep\u00fablica, Jair Bolsonaro, disse em entrevista que acredita em uma vit\u00f3ria, e reelei\u00e7\u00e3o, do atual presidente dos Estados Unidos, Donald Trump, e a recondu\u00e7\u00e3o do republicano para a Casa Branca. Segundo o chefe do Executivo, a elei\u00e7\u00e3o de Trump seria boa para o Brasil. <\/p>\n\n\n\n<p> \u2013 Estou confiante com a reelei\u00e7\u00e3o de Donald Trump, porque ser\u00e1 boa para as rela\u00e7\u00f5es comerciais e diplom\u00e1ticas com o Brasil \u2013 destacou ele para a CNN Brasil na segunda-feira (2). <\/p>\n\n\n\n<p>No \u00faltimo dia 20 de outubro, durante visita da delega\u00e7\u00e3o norte-americana a Bras\u00edlia, liderada pelo Conselheiro Nacional de Seguran\u00e7a dos Estados Unidos, Robert Charles O\u2019Brien, Jair Bolsonaro j\u00e1 havia declarado confian\u00e7a na vit\u00f3ria do republicano ao afirmar que gostaria de comparecer \u00e0 posse de Donald Trump, caso reeleito.<\/p>\n\n\n\n<p>\u2013 Espero, se for a vontade de Deus, comparecer \u00e0 posse do presidente [Donald Trump], brevemente reeleito nos Estados Unidos. N\u00e3o preciso esconder isso, \u00e9 do cora\u00e7\u00e3o. Pelo respeito, pelo trabalho e pela considera\u00e7\u00e3o que ele teve conosco, eu manifesto dessa forma nesse momento \u2013 afirmou Bolsonaro na ocasi\u00e3o.<\/p>\n\n\n\n<p>Oficialmente, as elei\u00e7\u00f5es norte-americanas acontecem nesta ter\u00e7a-feira (3). Por\u00e9m, desde a semana passada, quase 100 milh\u00f5es de eleitores j\u00e1 votaram. Mais de 60 milh\u00f5es votaram pelo correio, n\u00famero equivale a mais da metade dos votos no pleito de 2016, o que representa uma alta participa\u00e7\u00e3o nas elei\u00e7\u00f5es deste ano.<\/p>\n","protected":false},"excerpt":{"rendered":"<p>O presidente da Rep\u00fablica, Jair Bolsonaro, disse em entrevista que acredita em uma vit\u00f3ria, e reelei\u00e7\u00e3o, do atual presidente dos Estados Unidos, Donald Trump, e a recondu\u00e7\u00e3o do republicano para a Casa Branca. Segundo o chefe do Executivo, a elei\u00e7\u00e3o de Trump seria boa para o Brasil. \u2013 Estou confiante com a reelei\u00e7\u00e3o de Donald [&hellip;]<\/p>\n","protected":false},"author":2,"featured_media":6843,"comment_status":"open","ping_status":"open","sticky":false,"template":"","format":"standard","meta":[],"categories":[4],"tags":[13],"_links":{"self":[{"href":"https:\/\/dgospel.com.br\/portal\/index.php\/wp-json\/wp\/v2\/posts\/6842"}],"collection":[{"href":"https:\/\/dgospel.com.br\/portal\/index.php\/wp-json\/wp\/v2\/posts"}],"about":[{"href":"https:\/\/dgospel.com.br\/portal\/index.php\/wp-json\/wp\/v2\/types\/post"}],"author":[{"embeddable":true,"href":"https:\/\/dgospel.com.br\/portal\/index.php\/wp-json\/wp\/v2\/users\/2"}],"replies":[{"embeddable":true,"href":"https:\/\/dgospel.com.br\/portal\/index.php\/wp-json\/wp\/v2\/comments?post=6842"}],"version-history":[{"count":1,"href":"https:\/\/dgospel.com.br\/portal\/index.php\/wp-json\/wp\/v2\/posts\/6842\/revisions"}],"predecessor-version":[{"id":6844,"href":"https:\/\/dgospel.com.br\/portal\/index.php\/wp-json\/wp\/v2\/posts\/6842\/revisions\/6844"}],"wp:featuredmedia":[{"embeddable":true,"href":"https:\/\/dgospel.com.br\/portal\/index.php\/wp-json\/wp\/v2\/media\/6843"}],"wp:attachment":[{"href":"https:\/\/dgospel.com.br\/portal\/index.php\/wp-json\/wp\/v2\/media?parent=6842"}],"wp:term":[{"taxonomy":"category","embeddable":true,"href":"https:\/\/dgospel.com.br\/portal\/index.php\/wp-json\/wp\/v2\/categories?post=6842"},{"taxonomy":"post_tag","embeddable":true,"href":"https:\/\/dgospel.com.br\/portal\/index.php\/wp-json\/wp\/v2\/tags?post=6842"}],"curies":[{"name":"wp","href":"https:\/\/api.w.org\/{rel}","templated":true}]}}