{"id":6848,"date":"2020-11-03T10:07:56","date_gmt":"2020-11-03T13:07:56","guid":{"rendered":"http:\/\/dgospel.com.br\/portal\/?p=6848"},"modified":"2020-11-03T10:09:14","modified_gmt":"2020-11-03T13:09:14","slug":"em-formato-de-carreata-marcha-para-jesus-reune-milhares-de-carros-em-sao-paulo","status":"publish","type":"post","link":"https:\/\/dgospel.com.br\/portal\/index.php\/2020\/11\/03\/em-formato-de-carreata-marcha-para-jesus-reune-milhares-de-carros-em-sao-paulo\/","title":{"rendered":"Em formato de carreata, Marcha Para Jesus re\u00fane milhares de carros em S\u00e3o Paulo"},"content":{"rendered":"\n<p>Por causa da pandemia de Covid-19, a 28\u00aa edi\u00e7\u00e3o da&nbsp;<a href=\"https:\/\/guiame.com.br\/gospel\/mundo-cristao\/bolsonaro-diz-que-evangelicos-foram-decisivos-no-destino-do-brasil-na-marcha-para-jesus.html\"><strong>Marcha Para Jesus<\/strong><\/a>&nbsp;em S\u00e3o Paulo foi realizada nesta segunda-feira (2) em um novo formato. O tradicional trajeto percorrido a p\u00e9 por milh\u00f5es de pessoas foi feito este ano em uma carreata composta por cerca de 30 mil carros, segundo a organiza\u00e7\u00e3o do evento.<\/p>\n\n\n\n<p>Durante o trajeto de 12 km entre o parque do Ibirapuera, na Zona Sul de S\u00e3o Paulo, e o pavilh\u00e3o do Anhembi, na Zona Norte da cidade, os carros acompanharam seis trios el\u00e9tricos com a apresenta\u00e7\u00e3o de cantores da m\u00fasica gospel. Ao fim do percurso, foi realizado um show no formato drive-in dentro do pavilh\u00e3o do Anhembi, com a participa\u00e7\u00e3o de cerca de 1.500 ve\u00edculos.<\/p>\n\n\n\n<p>Al\u00e9m das apresenta\u00e7\u00f5es musicais e dos momentos de ora\u00e7\u00e3o, a Marcha Para Jesus 2020 teve a proposta de arrecadar alimentos para comunidades carentes. A meta era arrecadar 10 mil cestas b\u00e1sicas para serem distribu\u00eddas no dia 19 de dezembro.&nbsp;&nbsp;&nbsp;&nbsp;<\/p>\n\n\n\n<p>O ponto de arrecada\u00e7\u00e3o de doa\u00e7\u00f5es foi localizado na Assembleia Legislativa do Estado de S\u00e3o Paulo (Alesp), onde teve in\u00edcio a concentra\u00e7\u00e3o da carreata.<\/p>\n\n\n\n<p>De acordo com o ap\u00f3stolo Estevam Hernandes, l\u00edder da igreja Renascer em Cristo e organizador da marcha, a carreata foi a solu\u00e7\u00e3o encontrada para viabilizar o evento em tempos de pandemia. \u201cA gente cr\u00ea que, ao final, a dimens\u00e3o da marcha vai ser maior do que era. Vamos fazer tipo live\u201d, disse Hernandes.&nbsp;&nbsp;<\/p>\n\n\n\n<p>A proposta solid\u00e1ria da edi\u00e7\u00e3o de 2020 foi um diferencial, segundo Hernandes. \u201cNa pandemia, estamos vendo a fome e o desespero das pessoas. Por isso estamos arrecadando os alimentos\u201d, observou.&nbsp;&nbsp;<\/p>\n\n\n\n<p>Diferentemente de anos anteriores, o evento n\u00e3o foi marcado por&nbsp;<a href=\"https:\/\/guiame.com.br\/gospel\/noticias\/temos-uma-bandeira-e-meia-brasil-e-israel-diz-bolsonaro-na-marcha-para-jesus.html\"><strong>discursos pol\u00edticos<\/strong><\/a>. O prefeito Bruno Covas (PSDB) esteve na concentra\u00e7\u00e3o, mas ficou no local por menos de dez minutos e n\u00e3o fez discursos, segundo o jornal Agora S\u00e3o Paulo.&nbsp;&nbsp;<\/p>\n\n\n\n<p>Covas elogiou o novo formato do evento e a contribui\u00e7\u00e3o da Marcha Para Jesus para o setor de turismo e social. \u201c[A marcha] celebra a diversidade que temos aqui e o respeito a toda a comunidade evang\u00e9lica da cidade de S\u00e3o Paulo\u201d, comentou.&nbsp;&nbsp;<\/p>\n\n\n\n<p>\n\nFONTE: GUIAME, COM INFORMA\u00c7\u00d5ES DO AGORA S\u00c3O PAULO\n\n<\/p>\n","protected":false},"excerpt":{"rendered":"<p>Por causa da pandemia de Covid-19, a 28\u00aa edi\u00e7\u00e3o da&nbsp;Marcha Para Jesus&nbsp;em S\u00e3o Paulo foi realizada nesta segunda-feira (2) em um novo formato. O tradicional trajeto percorrido a p\u00e9 por milh\u00f5es de pessoas foi feito este ano em uma carreata composta por cerca de 30 mil carros, segundo a organiza\u00e7\u00e3o do evento. Durante o trajeto [&hellip;]<\/p>\n","protected":false},"author":2,"featured_media":6849,"comment_status":"open","ping_status":"open","sticky":false,"template":"","format":"standard","meta":[],"categories":[17,5],"tags":[14],"_links":{"self":[{"href":"https:\/\/dgospel.com.br\/portal\/index.php\/wp-json\/wp\/v2\/posts\/6848"}],"collection":[{"href":"https:\/\/dgospel.com.br\/portal\/index.php\/wp-json\/wp\/v2\/posts"}],"about":[{"href":"https:\/\/dgospel.com.br\/portal\/index.php\/wp-json\/wp\/v2\/types\/post"}],"author":[{"embeddable":true,"href":"https:\/\/dgospel.com.br\/portal\/index.php\/wp-json\/wp\/v2\/users\/2"}],"replies":[{"embeddable":true,"href":"https:\/\/dgospel.com.br\/portal\/index.php\/wp-json\/wp\/v2\/comments?post=6848"}],"version-history":[{"count":1,"href":"https:\/\/dgospel.com.br\/portal\/index.php\/wp-json\/wp\/v2\/posts\/6848\/revisions"}],"predecessor-version":[{"id":6850,"href":"https:\/\/dgospel.com.br\/portal\/index.php\/wp-json\/wp\/v2\/posts\/6848\/revisions\/6850"}],"wp:featuredmedia":[{"embeddable":true,"href":"https:\/\/dgospel.com.br\/portal\/index.php\/wp-json\/wp\/v2\/media\/6849"}],"wp:attachment":[{"href":"https:\/\/dgospel.com.br\/portal\/index.php\/wp-json\/wp\/v2\/media?parent=6848"}],"wp:term":[{"taxonomy":"category","embeddable":true,"href":"https:\/\/dgospel.com.br\/portal\/index.php\/wp-json\/wp\/v2\/categories?post=6848"},{"taxonomy":"post_tag","embeddable":true,"href":"https:\/\/dgospel.com.br\/portal\/index.php\/wp-json\/wp\/v2\/tags?post=6848"}],"curies":[{"name":"wp","href":"https:\/\/api.w.org\/{rel}","templated":true}]}}