{"id":685,"date":"2018-07-03T10:55:39","date_gmt":"2018-07-03T13:55:39","guid":{"rendered":"http:\/\/dgospel.com.br\/portal\/?p=685"},"modified":"2018-07-03T10:55:39","modified_gmt":"2018-07-03T13:55:39","slug":"governo-de-pe-cancela-exibicao-de-peca-com-jesus-travesti","status":"publish","type":"post","link":"https:\/\/dgospel.com.br\/portal\/index.php\/2018\/07\/03\/governo-de-pe-cancela-exibicao-de-peca-com-jesus-travesti\/","title":{"rendered":"Governo de PE cancela exibi\u00e7\u00e3o de pe\u00e7a com Jesus travesti"},"content":{"rendered":"<p>Com a\u00a0<a href=\"http:\/\/folhagospel.com\/prefeito-quer-vetar-peca-teatral-que-traz-jesus-como-transexual\/\" target=\"_blank\" rel=\"noopener\"><strong>pol\u00eamica criada pela exibi\u00e7\u00e3o da pe\u00e7a<\/strong><\/a>\u00a0\u201cO Evangelho Segundo Jesus, Rainha do C\u00e9u\u201d no Festival de Inverno de Garanhuns, o Governo do Estado de Pernambuco divulgou uma nota informando o cancelamento da apresenta\u00e7\u00e3o do espet\u00e1culo.<\/p>\n<p>Na nota, a Secretaria de Cultura de Pernambuco afirmou que \u201cdiante da pol\u00eamica causada pela atra\u00e7\u00e3o e da possibilidade de preju\u00edzos das parcerias estrat\u00e9gicas e nobres que o viabilizam. O Festival de Inverno de Garanhuns foi criado para unir e divulgar nossas express\u00f5es culturais e n\u00e3o para dividir e estimular a cultura do \u00f3dio e do preconceito\u201d.<\/p>\n<p>\u201cO tema do festival este ano \u00e9 um tema de luta. J\u00e1 perdemos v\u00e1rias e ganhamos outras. O tema ser\u00e1 mantido e esperamos um apoio da sociedade porque a liberdade est\u00e1 mais necessitada do que nunca de defesa\u201d, disse o\u00a0o secret\u00e1rio de Cultura.<\/p>\n<p>Em sua p\u00e1gina no Facebook, Marcelino Granja critica \u201ca intoler\u00e2ncia\u201d demonstrada por aqueles que se manifestaram contra a apresenta\u00e7\u00e3o do\u00a0<em>Evangelho Segundo Jesus, Rainha do C\u00e9u<\/em>, liderada pelo prefeito de Garanhuns, Iza\u00edas R\u00e9gis (PTB), que, em entrevista \u00e0 R\u00e1dio Jornal de Garanhuns, disse que n\u00e3o permitiria que o espet\u00e1culo fosse apresentado no Centro Cultural Alfredo Leite Cavalcanti, embora a inten\u00e7\u00e3o dos organizadores fosse apresent\u00e1-lo na Casa Galp\u00e3o, um espa\u00e7o alternativo com capacidade para 70 pessoas, com censura 18 anos e no hor\u00e1rio alternativo das 23 horas.<\/p>\n<p>Na sexta (29), o prefeito de Garanhuns, Iza\u00edas R\u00e9gis, inflamou a pol\u00eamica ao afirmar que n\u00e3o abriria as portas do Centro Cultural da cidade, no pr\u00f3ximo dia 26 de julho, para a apresenta\u00e7\u00e3o. Segundo o prefeito, o espet\u00e1culo, que faz uma releitura de Jesus vivendo nos dias atuais como uma travesti, \u00e9 uma ofensa a grupos religiosos.<\/p>\n<p><strong>NOTA<\/strong><\/p>\n<p>O gabinete da Prefeitura de Garanhuns divulgou na noite do s\u00e1bado (30) uma nota sobre o cancelamento. No texto, o prefeito Iza\u00edas R\u00e9gis manifesta sua \u201csatisfa\u00e7\u00e3o\u201d com o cancelamento da apresenta\u00e7\u00e3o, nega que o protesto aconte\u00e7a por conta de disputas pol\u00edticas (Iza\u00edas apoia o candidato de oposi\u00e7\u00e3o ao governo de Pernambuco, Armando Monteiro) e diz que n\u00e3o \u00e9 contra a liberdade de express\u00e3o, apesar da press\u00e3o para o cancelamento. Confira a nota completa:<\/p>\n<p><em>\u201cO Governo Municipal de Garanhuns, na sua representa\u00e7\u00e3o oficial o prefeito Iza\u00edas R\u00e9gis, vem a p\u00fablico manifestar sua satisfa\u00e7\u00e3o de ver que o clamor da sociedade de Garanhuns num pedido expresso de respeito \u00e0 f\u00e9 crist\u00e3, que foi transmitido para todo o Estado a partir de uma entrevista sua a uma emissora de r\u00e1dio, refor\u00e7ado pela popula\u00e7\u00e3o nas redes sociais, bem como ratificado por institui\u00e7\u00f5es religiosas que externaram o seu posicionamento, tenha sido ouvido pelo Governo do Estado de Pernambuco, culminando com a suspens\u00e3o da apresenta\u00e7\u00e3o em Garanhuns, do espet\u00e1culo \u2018O Evangelho segundo Jesus \u2013 a Rainha dos C\u00e9us\u2019.<\/em><\/p>\n<p><em>Lamentamos, portanto, que o Governo Estadual, tenha tentado desvirtuar o fato, querendo relacionar a quest\u00f5es pol\u00edticas. A figura institucional, o Prefeito Iza\u00edas R\u00e9gis, \u00e9 a representa\u00e7\u00e3o oficial da popula\u00e7\u00e3o de Garanhuns, e essa representividade legal a ele outorgada por meio do voto, foi usada para se posicionar, colocando-se n\u00e3o contra a liberdade de express\u00e3o art\u00edstica, mas sim contra a que essa liberdade n\u00e3o viesse a desrespeitar nenhum s\u00edmbolo sagrado de uma religi\u00e3o, e de todos os seus seguidores.<\/em><\/p>\n<p><em>O que n\u00e3o podemos deixar de ressaltar \u00e9 que infelizmente, esse tipo de situa\u00e7\u00e3o ocorre, porque o Festival que \u00e9 de Garanhuns, \u00e9 discutido e formatado sem nenhuma participa\u00e7\u00e3o do povo de Garanhuns. Mas, sigamos, que tenhamos um Festival de Paz e que Deus continue nos aben\u00e7oando.\u201d Gabinete do Prefeito<\/em><\/p>\n<p><strong>Fonte: JC online<\/strong><\/p>\n","protected":false},"excerpt":{"rendered":"<p>Com a\u00a0pol\u00eamica criada pela exibi\u00e7\u00e3o da pe\u00e7a\u00a0\u201cO Evangelho Segundo Jesus, Rainha do C\u00e9u\u201d no Festival de Inverno de Garanhuns, o Governo do Estado de Pernambuco divulgou uma nota informando o cancelamento da apresenta\u00e7\u00e3o do espet\u00e1culo. Na nota, a Secretaria de Cultura de Pernambuco afirmou que \u201cdiante da pol\u00eamica causada pela atra\u00e7\u00e3o e da possibilidade de [&hellip;]<\/p>\n","protected":false},"author":2,"featured_media":686,"comment_status":"open","ping_status":"open","sticky":false,"template":"","format":"standard","meta":[],"categories":[2,10],"tags":[],"_links":{"self":[{"href":"https:\/\/dgospel.com.br\/portal\/index.php\/wp-json\/wp\/v2\/posts\/685"}],"collection":[{"href":"https:\/\/dgospel.com.br\/portal\/index.php\/wp-json\/wp\/v2\/posts"}],"about":[{"href":"https:\/\/dgospel.com.br\/portal\/index.php\/wp-json\/wp\/v2\/types\/post"}],"author":[{"embeddable":true,"href":"https:\/\/dgospel.com.br\/portal\/index.php\/wp-json\/wp\/v2\/users\/2"}],"replies":[{"embeddable":true,"href":"https:\/\/dgospel.com.br\/portal\/index.php\/wp-json\/wp\/v2\/comments?post=685"}],"version-history":[{"count":1,"href":"https:\/\/dgospel.com.br\/portal\/index.php\/wp-json\/wp\/v2\/posts\/685\/revisions"}],"predecessor-version":[{"id":687,"href":"https:\/\/dgospel.com.br\/portal\/index.php\/wp-json\/wp\/v2\/posts\/685\/revisions\/687"}],"wp:featuredmedia":[{"embeddable":true,"href":"https:\/\/dgospel.com.br\/portal\/index.php\/wp-json\/wp\/v2\/media\/686"}],"wp:attachment":[{"href":"https:\/\/dgospel.com.br\/portal\/index.php\/wp-json\/wp\/v2\/media?parent=685"}],"wp:term":[{"taxonomy":"category","embeddable":true,"href":"https:\/\/dgospel.com.br\/portal\/index.php\/wp-json\/wp\/v2\/categories?post=685"},{"taxonomy":"post_tag","embeddable":true,"href":"https:\/\/dgospel.com.br\/portal\/index.php\/wp-json\/wp\/v2\/tags?post=685"}],"curies":[{"name":"wp","href":"https:\/\/api.w.org\/{rel}","templated":true}]}}