{"id":6851,"date":"2020-11-03T10:13:57","date_gmt":"2020-11-03T13:13:57","guid":{"rendered":"http:\/\/dgospel.com.br\/portal\/?p=6851"},"modified":"2020-11-03T10:13:59","modified_gmt":"2020-11-03T13:13:59","slug":"esforcos-do-governo-do-tocantins-mantem-o-estado-no-ranking-nacional-na-geracao-de-emprego","status":"publish","type":"post","link":"https:\/\/dgospel.com.br\/portal\/index.php\/2020\/11\/03\/esforcos-do-governo-do-tocantins-mantem-o-estado-no-ranking-nacional-na-geracao-de-emprego\/","title":{"rendered":"Esfor\u00e7os do Governo do Tocantins mant\u00e9m o Estado no ranking nacional na gera\u00e7\u00e3o de emprego"},"content":{"rendered":"\n<p>De acordo com os dados divulgados pelo Cadastro Geral de Empregados e Desempregados (Caged)&nbsp;do mercado formal, referentes ao ano de 2020 at\u00e9 o m\u00eas de setembro, \u00e9 poss\u00edvel perceber que os efeitos negativos causados pelo isolamento social, trouxe impactos mais acentuados nos grandes centros econ\u00f4micos do pa\u00eds. No acumulado do ano, de janeiro a setembro, os estados da regi\u00e3o Sul e Sudeste ainda registram saldos negativos na gera\u00e7\u00e3o de emprego &#8211; S\u00e3o Paulo (-&nbsp;209.840), Rio de Janeiro (\u2013181.850), Rio Grande de Sul (-74.445) e Minas Gerais (\u201335.473), esse efeito foi sentido com menor intensidade nos Regi\u00f5es Norte e Centro Oeste, que no acumulado do ano j\u00e1 apresentam saldos positivos na gera\u00e7\u00e3o de emprego. Os destaques s\u00e3o para os Estados Par\u00e1 22.050, Mato Grosso 17.474, Goi\u00e1s 14.868, Maranh\u00e3o 13.033, Mato Grosso do Sul 7.428 e Tocantins 4.430.<\/p>\n\n\n\n<p>Nesse contexto, o Estado do Tocantins, est\u00e1 entre os seis que mais geraram empregos na varia\u00e7\u00e3o relativa de cria\u00e7\u00e3o de postos de trabalho formais, no acumulado do ano de janeiro a setembro de 2020, segundo dados do Caged, divulgados no dia 29 de outubro&nbsp;pelo Minist\u00e9rio da Economia. Os dados apontam que pelo quinto m\u00eas consecutivo, ou seja, desde maio de 2020, o n\u00edvel de emprego vem reagindo com consist\u00eancia e demonstrando a capacidade reativa que a economia tocantinense tem de superar a crise global, e foi assim tamb\u00e9m, durante a crise econ\u00f4mica de 2015 e 2017. O Tocantins foi um dos \u00faltimos Estados a entrar no processo e um dos primeiros a sair dele.<\/p>\n\n\n\n<p>No acumulado do ano, considerando o per\u00edodo de janeiro a setembro, a varia\u00e7\u00e3o relativa do saldo de empregos no Tocantins foi de 2,33%, o 6\u00b0&nbsp;melhor desempenho do pa\u00eds, sendo superado apenas pelos Estados do Acre 3,73%, Par\u00e1 3,0%, Rond\u00f4nia 2,93%, Maranh\u00e3o 2,71% e Mato Grosso 2,44%.<\/p>\n\n\n\n<p>Nesse mesmo per\u00edodo no Tocantins foram registradas 48.033 admiss\u00f5es, contra 43.603 desligamentos, deixando um saldo positivo de 4.430 novos postos de trabalho no mercado formal. Considerando os dados, o m\u00eas de setembro foi o segundo melhor m\u00eas do ano, com saldo de 1.790 empregos, sendo superado pelo desempenho do m\u00eas de agosto que registrou 2.040 contrata\u00e7\u00f5es. O saldo \u00e9 a diferen\u00e7a entre n\u00famero de admiss\u00f5es menos os desligamentos em um determinado per\u00edodo, apesar de negativo quando comparado com o m\u00eas anterior, os dados apontam uma tend\u00eancia de recupera\u00e7\u00e3o do emprego.<\/p>\n\n\n\n<p>Os setores econ\u00f4micos com os melhores desempenhos foram o com\u00e9rcio com saldo de 667 empregos e a constru\u00e7\u00e3o civil com 501. S\u00f3 no m\u00eas de setembro o com\u00e9rcio contratou 1.906 trabalhadores e demitiu 1.239 deixando um saldo positivo de 667 novos postos de trabalho, o estoque de empregos no setor, ou seja, os saldos dos meses acumulados durante o ano at\u00e9 setembro, registra uma contribui\u00e7\u00e3o de 51.948 postos de trabalho, com 1,30% de varia\u00e7\u00e3o relativa.<\/p>\n\n\n\n<p>Comparando com os meses anteriores o espectro de faixa et\u00e1ria foi um dos que melhor se distribuiu, atingindo pessoas de diversas idades, em especial entre os 18 e 39 anos. Por outro lado, quando consideramos a gera\u00e7\u00e3o de empregos por grau de instru\u00e7\u00e3o, houve uma forte concentra\u00e7\u00e3o nas contrata\u00e7\u00f5es de trabalhadores de n\u00edvel m\u00e9dio completo, foram 1.190 dos 1.790. Na distribui\u00e7\u00e3o por sexo, foram 1.590 homens e 200 mulheres.<\/p>\n\n\n\n<p>Para o secret\u00e1rio de Ind\u00fastria, Com\u00e9rcio e Servi\u00e7os, Tom Lyra, os n\u00fameros s\u00e3o reflexos dos esfor\u00e7os do Governo do Tocantins&nbsp;para preservar empregos e criar postos de trabalho mesmo em meio \u00e0 crise atual. \u201cTemos investido na aproxima\u00e7\u00e3o com o empres\u00e1rio, estamos buscando saber suas necessidades para apontar solu\u00e7\u00f5es e garantir que esse empreendedor mantenha sua empresa aberta e continue gerando emprego e renda para a popula\u00e7\u00e3o, mas n\u00e3o apenas isso, queremos que ele cres\u00e7a e se desenvolva, para que mais pessoas possam ser empregadas, o foco \u00e9 a garantia de que nossa popula\u00e7\u00e3o possa ter condi\u00e7\u00f5es de sustentar a fam\u00edlia de forma digna\u201d, apontou.<\/p>\n\n\n\n<p>Estamos em um Estado que vem se fortalecendo e superando todos os impactos da crise gerada pela Covid-19, muito foi feito para que isso fosse alcan\u00e7ado, o trabalho n\u00e3o parou em nenhum momento, como afirma o Governador Mauro Carlesse. \u201cV\u00ednhamos desenvolvendo uma s\u00e9rie de atividades para recuperar o bom nome do Tocantins, e conseguimos alcan\u00e7ar bons resultados, estamos enquadrados dentro da Lei de Responsabilidade Fiscal (LRF), o que nos qualifica para receber novos investimentos. E isso se refletiu na manuten\u00e7\u00e3o dos empregos, ao contr\u00e1rio do que aconteceu em outros estados. Isso \u00e9 a prova de que seguimos na dire\u00e7\u00e3o certa\u201d, concluiu.&nbsp;<\/p>\n","protected":false},"excerpt":{"rendered":"<p>De acordo com os dados divulgados pelo Cadastro Geral de Empregados e Desempregados (Caged)&nbsp;do mercado formal, referentes ao ano de 2020 at\u00e9 o m\u00eas de setembro, \u00e9 poss\u00edvel perceber que os efeitos negativos causados pelo isolamento social, trouxe impactos mais acentuados nos grandes centros econ\u00f4micos do pa\u00eds. No acumulado do ano, de janeiro a setembro, [&hellip;]<\/p>\n","protected":false},"author":2,"featured_media":6852,"comment_status":"open","ping_status":"open","sticky":false,"template":"","format":"standard","meta":[],"categories":[3],"tags":[13],"_links":{"self":[{"href":"https:\/\/dgospel.com.br\/portal\/index.php\/wp-json\/wp\/v2\/posts\/6851"}],"collection":[{"href":"https:\/\/dgospel.com.br\/portal\/index.php\/wp-json\/wp\/v2\/posts"}],"about":[{"href":"https:\/\/dgospel.com.br\/portal\/index.php\/wp-json\/wp\/v2\/types\/post"}],"author":[{"embeddable":true,"href":"https:\/\/dgospel.com.br\/portal\/index.php\/wp-json\/wp\/v2\/users\/2"}],"replies":[{"embeddable":true,"href":"https:\/\/dgospel.com.br\/portal\/index.php\/wp-json\/wp\/v2\/comments?post=6851"}],"version-history":[{"count":1,"href":"https:\/\/dgospel.com.br\/portal\/index.php\/wp-json\/wp\/v2\/posts\/6851\/revisions"}],"predecessor-version":[{"id":6853,"href":"https:\/\/dgospel.com.br\/portal\/index.php\/wp-json\/wp\/v2\/posts\/6851\/revisions\/6853"}],"wp:featuredmedia":[{"embeddable":true,"href":"https:\/\/dgospel.com.br\/portal\/index.php\/wp-json\/wp\/v2\/media\/6852"}],"wp:attachment":[{"href":"https:\/\/dgospel.com.br\/portal\/index.php\/wp-json\/wp\/v2\/media?parent=6851"}],"wp:term":[{"taxonomy":"category","embeddable":true,"href":"https:\/\/dgospel.com.br\/portal\/index.php\/wp-json\/wp\/v2\/categories?post=6851"},{"taxonomy":"post_tag","embeddable":true,"href":"https:\/\/dgospel.com.br\/portal\/index.php\/wp-json\/wp\/v2\/tags?post=6851"}],"curies":[{"name":"wp","href":"https:\/\/api.w.org\/{rel}","templated":true}]}}