{"id":6854,"date":"2020-11-04T10:06:14","date_gmt":"2020-11-04T13:06:14","guid":{"rendered":"http:\/\/dgospel.com.br\/portal\/?p=6854"},"modified":"2020-11-04T10:06:15","modified_gmt":"2020-11-04T13:06:15","slug":"eli-borges-garante-que-vai-criar-maior-programa-habitacional-que-palmas-ja-viu","status":"publish","type":"post","link":"https:\/\/dgospel.com.br\/portal\/index.php\/2020\/11\/04\/eli-borges-garante-que-vai-criar-maior-programa-habitacional-que-palmas-ja-viu\/","title":{"rendered":"Eli Borges garante que vai criar maior programa habitacional que Palmas j\u00e1 viu"},"content":{"rendered":"\n<p>Garantir moradia para\nquem precisa ser\u00e1 uma das prioridades do governo de Eli Borges (SD), como\nprefeito de Palmas. O candidato da coliga\u00e7\u00e3o \u201cUm Novo Tempo! Valorizando a\nHonestidade, a Fam\u00edlia, Governando com Deus e o Povo\u201d pretende criar um amplo\nprograma habitacional. \u201cVamos implantar o maior programa de moradia popular da\nhist\u00f3ria de Palmas\u201d, garante.<\/p>\n\n\n\n<p>Uma das primeiras\nmedidas do seu governo ser\u00e1 reorganizar o cadastro das pessoas que esperam\nreceber uma moradia do munic\u00edpio. \u201cVamos dar moradia a quem efetivamente\nprecisa\u201d, afirmou. \u201cVamos reorganizar o cadastro para detectar as pessoas que\ns\u00e3o realmente carentes, para entregar moradia do mais carente para o menos\ncarente\u201d, explicou. Eli Borges diz que far\u00e1 parcerias com o governo federal,\npara resolver o d\u00e9ficit habitacional da capital. \u201cO governo federal tem\nprograma para a habita\u00e7\u00e3o que somados aos recursos do munic\u00edpio teremos o maior\nprojeto de constru\u00e7\u00e3o de moradia para aqueles que efetivamente precisam\u201d,\nreafirma.<\/p>\n\n\n\n<p>Segundo Eli, a\nPrefeitura ter\u00e1 tr\u00eas formas de resolver a quest\u00e3o do d\u00e9ficit habitacional de\nPalmas. Primeiro, \u00e9 a entrega de moradia popular aos mais carentes. O segundo\nmodelo \u00e9 oferecendo um lote para aquele cidad\u00e3o que tem condi\u00e7\u00f5es de construir\na sua moradia. Para os que se enquadrarem nesse perfil, ter\u00e3o a vantagem de\ncomprar o material de constru\u00e7\u00e3o com um custo mais baixo, atrav\u00e9s de conv\u00eanios\nda Prefeitura com as empresas de constru\u00e7\u00e3o civil que receber\u00e3o incentivos. A\nterceira forma \u00e9 atender o cidad\u00e3o palmense que t\u00eam condi\u00e7\u00f5es de comprar um\nlote, pagando em suaves presta\u00e7\u00f5es. \u201cVamos buscar espa\u00e7os para a expans\u00e3o\nurbana de Palmas, a fim de atender esses tr\u00eas perfis de cidad\u00e3os palmenses, que\nhoje precisam da moradia, o carente, o que tendo o lote resolve e o que pode\ncomprar o lote em suaves parcelas, onde a Prefeitura vai levar infraestrutura\nb\u00e1sica\u201d, pontuou.<\/p>\n\n\n\n<p><strong>Regulariza\u00e7\u00e3o\nFundi\u00e1ria<\/strong><\/p>\n\n\n\n<p>Outro problema que Eli\nBorges vai resolver \u00e9 a quest\u00e3o da regulariza\u00e7\u00e3o fundi\u00e1ria de v\u00e1rios bairros de\nPalmas, como Irm\u00e3 Dulce, Aureny IV e at\u00e9 Taquaru\u00e7u. \u201cEsse \u00e9 um sonho antigo de\nmuitos moradores, existem pessoas que esperam h\u00e1 mais de 10 anos pelo documento\ndo seu terreno\u201d, relata. \u201cMas em quatro anos o nosso projeto visa resolver todo\no problema de moradia daqueles que efetivamente precisam\u201d, declarou.<\/p>\n","protected":false},"excerpt":{"rendered":"<p>Garantir moradia para quem precisa ser\u00e1 uma das prioridades do governo de Eli Borges (SD), como prefeito de Palmas. O candidato da coliga\u00e7\u00e3o \u201cUm Novo Tempo! Valorizando a Honestidade, a Fam\u00edlia, Governando com Deus e o Povo\u201d pretende criar um amplo programa habitacional. \u201cVamos implantar o maior programa de moradia popular da hist\u00f3ria de Palmas\u201d, [&hellip;]<\/p>\n","protected":false},"author":2,"featured_media":6855,"comment_status":"open","ping_status":"open","sticky":false,"template":"","format":"standard","meta":[],"categories":[4],"tags":[13],"_links":{"self":[{"href":"https:\/\/dgospel.com.br\/portal\/index.php\/wp-json\/wp\/v2\/posts\/6854"}],"collection":[{"href":"https:\/\/dgospel.com.br\/portal\/index.php\/wp-json\/wp\/v2\/posts"}],"about":[{"href":"https:\/\/dgospel.com.br\/portal\/index.php\/wp-json\/wp\/v2\/types\/post"}],"author":[{"embeddable":true,"href":"https:\/\/dgospel.com.br\/portal\/index.php\/wp-json\/wp\/v2\/users\/2"}],"replies":[{"embeddable":true,"href":"https:\/\/dgospel.com.br\/portal\/index.php\/wp-json\/wp\/v2\/comments?post=6854"}],"version-history":[{"count":1,"href":"https:\/\/dgospel.com.br\/portal\/index.php\/wp-json\/wp\/v2\/posts\/6854\/revisions"}],"predecessor-version":[{"id":6856,"href":"https:\/\/dgospel.com.br\/portal\/index.php\/wp-json\/wp\/v2\/posts\/6854\/revisions\/6856"}],"wp:featuredmedia":[{"embeddable":true,"href":"https:\/\/dgospel.com.br\/portal\/index.php\/wp-json\/wp\/v2\/media\/6855"}],"wp:attachment":[{"href":"https:\/\/dgospel.com.br\/portal\/index.php\/wp-json\/wp\/v2\/media?parent=6854"}],"wp:term":[{"taxonomy":"category","embeddable":true,"href":"https:\/\/dgospel.com.br\/portal\/index.php\/wp-json\/wp\/v2\/categories?post=6854"},{"taxonomy":"post_tag","embeddable":true,"href":"https:\/\/dgospel.com.br\/portal\/index.php\/wp-json\/wp\/v2\/tags?post=6854"}],"curies":[{"name":"wp","href":"https:\/\/api.w.org\/{rel}","templated":true}]}}