{"id":6860,"date":"2020-11-04T16:31:57","date_gmt":"2020-11-04T19:31:57","guid":{"rendered":"http:\/\/dgospel.com.br\/portal\/?p=6860"},"modified":"2020-11-04T16:31:59","modified_gmt":"2020-11-04T19:31:59","slug":"luciano-camargo-e-esposa-serao-batizados-nao-vejo-a-hora","status":"publish","type":"post","link":"https:\/\/dgospel.com.br\/portal\/index.php\/2020\/11\/04\/luciano-camargo-e-esposa-serao-batizados-nao-vejo-a-hora\/","title":{"rendered":"Luciano Camargo e esposa ser\u00e3o batizados: \u201cN\u00e3o vejo a hora\u201d"},"content":{"rendered":"\n<p>Ap\u00f3s dizer que&nbsp;<a href=\"https:\/\/pleno.news\/fe\/minha-prioridade-hoje-e-cantar-pra-jesus-diz-luciano-camargo.html\" target=\"_blank\" rel=\"noreferrer noopener\">sua prioridade \u00e9 cantar pra Jesus<\/a>, se referindo ao \u00e1lbum\ngospel que est\u00e1 produzindo, o cantor Luciano Camargo declarou que ser\u00e1\nbatizado.<\/p>\n\n\n\n<p>O sertanejo ser\u00e1 batizado na mesma cerim\u00f4nia que a esposa,\nFl\u00e1via Camargo, renovar\u00e1 seu batismo. O cantor afirmou, em entrevista ao portal\nYahoo, que aguarda, com grande expectativa, a realiza\u00e7\u00e3o da cerim\u00f4nia.<\/p>\n\n\n\n<p>\u201cN\u00e3o&nbsp;vejo&nbsp;a&nbsp;hora&nbsp;de&nbsp;chegar&nbsp;esse&nbsp;momento.&nbsp;Estou&nbsp;vivendo&nbsp;uma&nbsp;expectativa&nbsp;muito&nbsp;grande.&nbsp;S\u00f3&nbsp;quem&nbsp;chegou&nbsp;nesse&nbsp;ponto&nbsp;que&nbsp;eu&nbsp;cheguei&nbsp;vai&nbsp;entender&nbsp;o&nbsp;que&nbsp;\u00e9&nbsp;ser&nbsp;um&nbsp;crist\u00e3o&nbsp;quente,&nbsp;com&nbsp;a&nbsp;f\u00e9&nbsp;fervendo.&nbsp;\u00c9&nbsp;isso&nbsp;que&nbsp;eu&nbsp;sou.&nbsp;Estou&nbsp;com&nbsp;a&nbsp;minha&nbsp;f\u00e9&nbsp;fervendo\u201d<\/p>\n\n\n\n<p>Luciano tamb\u00e9m voltou a ressaltar o apoio da m\u00e3e, dona\nHelena, como fundamental para sua jornada de f\u00e9.<\/p>\n\n\n\n<p>\u201cEla (Fl\u00e1via Camargo) j\u00e1 \u00e9 batizada, mas era muito pequena\nquando aconteceu e vai aproveitar para renovar. Minha m\u00e3e \u00e9 batizada e \u00e9 o maior\nexemplo de f\u00e9 que eu tenho\u201d, destacou o cantor, que, junto com a esposa, frequenta\na Igreja Presbiteriana de Alphaville h\u00e1 oito anos.<\/p>\n\n\n\n<p>Luciano classificou o \u00e1lbum gospel \u201cA Ti Entrego\u201d como \u201ca\nmaior realiza\u00e7\u00e3o da vida\u201d. Ele lembrou que o \u00e1lbum \u00e9 um pedido feito por sua\nm\u00e3e h\u00e1 20 anos e que n\u00e3o precisa que o \u00e1lbum atraia fama, pois essas m\u00fasicas\nforam feitas pra Deus.<\/p>\n\n\n\n<p>Luciano avaliou ter adquirido maturidade com o tempo para\nque pudesse fazer um trabalho somente pra Deus, sem a inten\u00e7\u00e3o de se projetar.<\/p>\n\n\n\n<p>\u201cDeus&nbsp;me&nbsp;preparou&nbsp;para&nbsp;que&nbsp;eu&nbsp;chegasse&nbsp;hoje&nbsp;e&nbsp;pudesse&nbsp;fazer&nbsp;um&nbsp;trabalho&nbsp;para&nbsp;ele,&nbsp;n\u00e3o&nbsp;para&nbsp;mim,&nbsp;n\u00e3o&nbsp;para&nbsp;me&nbsp;projetar.&nbsp;Por&nbsp;isso&nbsp;\u00e9&nbsp;a&nbsp;maior&nbsp;realiza\u00e7\u00e3o\u201d<\/p>\n\n\n\n<p>O cantor ainda afirmou que, apesar da repercuss\u00e3o, n\u00e3o\ntinha a pretens\u00e3o de fazer grande divulga\u00e7\u00e3o do trabalho e que est\u00e1 preparado\npra cr\u00edticas.<\/p>\n","protected":false},"excerpt":{"rendered":"<p>Ap\u00f3s dizer que&nbsp;sua prioridade \u00e9 cantar pra Jesus, se referindo ao \u00e1lbum gospel que est\u00e1 produzindo, o cantor Luciano Camargo declarou que ser\u00e1 batizado. O sertanejo ser\u00e1 batizado na mesma cerim\u00f4nia que a esposa, Fl\u00e1via Camargo, renovar\u00e1 seu batismo. O cantor afirmou, em entrevista ao portal Yahoo, que aguarda, com grande expectativa, a realiza\u00e7\u00e3o da [&hellip;]<\/p>\n","protected":false},"author":2,"featured_media":6861,"comment_status":"open","ping_status":"open","sticky":false,"template":"","format":"standard","meta":[],"categories":[17,5],"tags":[],"_links":{"self":[{"href":"https:\/\/dgospel.com.br\/portal\/index.php\/wp-json\/wp\/v2\/posts\/6860"}],"collection":[{"href":"https:\/\/dgospel.com.br\/portal\/index.php\/wp-json\/wp\/v2\/posts"}],"about":[{"href":"https:\/\/dgospel.com.br\/portal\/index.php\/wp-json\/wp\/v2\/types\/post"}],"author":[{"embeddable":true,"href":"https:\/\/dgospel.com.br\/portal\/index.php\/wp-json\/wp\/v2\/users\/2"}],"replies":[{"embeddable":true,"href":"https:\/\/dgospel.com.br\/portal\/index.php\/wp-json\/wp\/v2\/comments?post=6860"}],"version-history":[{"count":1,"href":"https:\/\/dgospel.com.br\/portal\/index.php\/wp-json\/wp\/v2\/posts\/6860\/revisions"}],"predecessor-version":[{"id":6862,"href":"https:\/\/dgospel.com.br\/portal\/index.php\/wp-json\/wp\/v2\/posts\/6860\/revisions\/6862"}],"wp:featuredmedia":[{"embeddable":true,"href":"https:\/\/dgospel.com.br\/portal\/index.php\/wp-json\/wp\/v2\/media\/6861"}],"wp:attachment":[{"href":"https:\/\/dgospel.com.br\/portal\/index.php\/wp-json\/wp\/v2\/media?parent=6860"}],"wp:term":[{"taxonomy":"category","embeddable":true,"href":"https:\/\/dgospel.com.br\/portal\/index.php\/wp-json\/wp\/v2\/categories?post=6860"},{"taxonomy":"post_tag","embeddable":true,"href":"https:\/\/dgospel.com.br\/portal\/index.php\/wp-json\/wp\/v2\/tags?post=6860"}],"curies":[{"name":"wp","href":"https:\/\/api.w.org\/{rel}","templated":true}]}}