{"id":6863,"date":"2020-11-04T17:04:53","date_gmt":"2020-11-04T20:04:53","guid":{"rendered":"http:\/\/dgospel.com.br\/portal\/?p=6863"},"modified":"2020-11-04T17:04:55","modified_gmt":"2020-11-04T20:04:55","slug":"bolsonaro-diz-ao-stf-que-decisao-sobre-vacina-cabe-ao-governo","status":"publish","type":"post","link":"https:\/\/dgospel.com.br\/portal\/index.php\/2020\/11\/04\/bolsonaro-diz-ao-stf-que-decisao-sobre-vacina-cabe-ao-governo\/","title":{"rendered":"Bolsonaro diz ao STF que decis\u00e3o sobre vacina cabe ao governo"},"content":{"rendered":"\n<p>O presidente Jair Bolsonaro e a Advocacia-Geral da Uni\u00e3o (AGU) enviaram pareceres ao Supremo Tribunal Federal (STF) defendendo a rejei\u00e7\u00e3o de a\u00e7\u00f5es que discutem a compra de vacinas contra o novo coronav\u00edrus. Segundo os documentos somente o \u201cPoder Executivo possui condi\u00e7\u00f5es de definir qual(is) vacina(s) poder\u00e1(\u00e3o), ao seu tempo e modo, integrar uma poss\u00edvel campanha nacional de vacina\u00e7\u00e3o contra a Covid-19, de forma eficaz e segura\u201d.<\/p>\n\n\n\n<p>Os documentos foram elaborados em raz\u00e3o de a\u00e7\u00f5es que foram apresentadas \u00e0 Corte, em meio \u00e0 pol\u00eamica afirma\u00e7\u00e3o do presidente Jair Bolsonaro de que n\u00e3o ir\u00e1 autorizar importa\u00e7\u00e3o de vacinas da China pelo governo federal. Relator, o ministro Ricardo Lewandowski enviou os casos diretamente a Plen\u00e1rio e pediu explica\u00e7\u00f5es ao Planalto.<\/p>\n\n\n\n<p>\n\n\u201cDa leitura da inicial, observa-se que o requerente busca a implementa\u00e7\u00e3o pelo Poder Judici\u00e1rio de medidas necess\u00e1rias ao enfrentamento da pandemia da Covid-19, especialmente no que tange \u00e0 escolha de uma poss\u00edvel vacina. Ocorre que tal fun\u00e7\u00e3o cabe ao Poder Executivo que det\u00e9m a expertise e os meios institucionais para definir a aquisi\u00e7\u00e3o de uma, ou mais de uma, vacina segura e eficaz (quando houver) para aplica\u00e7\u00e3o em massa na popula\u00e7\u00e3o brasileira, sem riscos \u00e0 sa\u00fade p\u00fablica\u201d, registra o documento enviado por Bolsonaro como resposta a Lewandowski.\n\n<\/p>\n","protected":false},"excerpt":{"rendered":"<p>O presidente Jair Bolsonaro e a Advocacia-Geral da Uni\u00e3o (AGU) enviaram pareceres ao Supremo Tribunal Federal (STF) defendendo a rejei\u00e7\u00e3o de a\u00e7\u00f5es que discutem a compra de vacinas contra o novo coronav\u00edrus. Segundo os documentos somente o \u201cPoder Executivo possui condi\u00e7\u00f5es de definir qual(is) vacina(s) poder\u00e1(\u00e3o), ao seu tempo e modo, integrar uma poss\u00edvel campanha [&hellip;]<\/p>\n","protected":false},"author":2,"featured_media":6864,"comment_status":"open","ping_status":"open","sticky":false,"template":"","format":"standard","meta":[],"categories":[4],"tags":[13,14],"_links":{"self":[{"href":"https:\/\/dgospel.com.br\/portal\/index.php\/wp-json\/wp\/v2\/posts\/6863"}],"collection":[{"href":"https:\/\/dgospel.com.br\/portal\/index.php\/wp-json\/wp\/v2\/posts"}],"about":[{"href":"https:\/\/dgospel.com.br\/portal\/index.php\/wp-json\/wp\/v2\/types\/post"}],"author":[{"embeddable":true,"href":"https:\/\/dgospel.com.br\/portal\/index.php\/wp-json\/wp\/v2\/users\/2"}],"replies":[{"embeddable":true,"href":"https:\/\/dgospel.com.br\/portal\/index.php\/wp-json\/wp\/v2\/comments?post=6863"}],"version-history":[{"count":1,"href":"https:\/\/dgospel.com.br\/portal\/index.php\/wp-json\/wp\/v2\/posts\/6863\/revisions"}],"predecessor-version":[{"id":6865,"href":"https:\/\/dgospel.com.br\/portal\/index.php\/wp-json\/wp\/v2\/posts\/6863\/revisions\/6865"}],"wp:featuredmedia":[{"embeddable":true,"href":"https:\/\/dgospel.com.br\/portal\/index.php\/wp-json\/wp\/v2\/media\/6864"}],"wp:attachment":[{"href":"https:\/\/dgospel.com.br\/portal\/index.php\/wp-json\/wp\/v2\/media?parent=6863"}],"wp:term":[{"taxonomy":"category","embeddable":true,"href":"https:\/\/dgospel.com.br\/portal\/index.php\/wp-json\/wp\/v2\/categories?post=6863"},{"taxonomy":"post_tag","embeddable":true,"href":"https:\/\/dgospel.com.br\/portal\/index.php\/wp-json\/wp\/v2\/tags?post=6863"}],"curies":[{"name":"wp","href":"https:\/\/api.w.org\/{rel}","templated":true}]}}