{"id":6872,"date":"2020-11-04T18:00:43","date_gmt":"2020-11-04T21:00:43","guid":{"rendered":"http:\/\/dgospel.com.br\/portal\/?p=6872"},"modified":"2020-11-04T18:00:45","modified_gmt":"2020-11-04T21:00:45","slug":"stf-libera-especial-de-natal-do-porta-dos-fundos-com-jesus-gay","status":"publish","type":"post","link":"https:\/\/dgospel.com.br\/portal\/index.php\/2020\/11\/04\/stf-libera-especial-de-natal-do-porta-dos-fundos-com-jesus-gay\/","title":{"rendered":"STF libera especial de Natal do Porta dos Fundos com Jesus gay"},"content":{"rendered":"\n<p>A&nbsp;<a href=\"http:\/\/portal.stf.jus.br\/noticias\/verNoticiaDetalhe.asp?idConteudo=454612&amp;ori=1\" target=\"_blank\" rel=\"noreferrer noopener\">Segunda Turma<\/a>&nbsp;do\nSupremo Tribunal Federal (STF) manteve, por unanimidade, nesta ter\u00e7a-feira, 3,\ndecis\u00e3o do ministro&nbsp;Dias Toffoli&nbsp;que&nbsp;autorizou a Netflix&nbsp;a\nexibir o \u201c<a href=\"https:\/\/catracalivre.com.br\/entretenimento\/especial-de-natal-do-porta-dos-fundos-na-netflix-revolta-igrejas\/\" target=\"_blank\" rel=\"noreferrer noopener\">Especial de Natal Porta dos\nFundos: A Primeira Tenta\u00e7\u00e3o de Cristo<\/a>\u201c.<\/p>\n\n\n\n<p>O v\u00eddeo retrata satiricamente Jesus Cristo como homossexual\nap\u00f3s passar 40 dias no deserto.<\/p>\n\n\n\n<p>Os ministros Gilmar Mendes, Edson Fachin, C\u00e1rmen L\u00facia e\nRicardo Lewandowski entenderam que o caso trata-se de liberdade de express\u00e3o e a\nveicula\u00e7\u00e3o n\u00e3o pode ser proibida.<\/p>\n\n\n\n<p>A Segunda Turma manteve outro ponto da decis\u00e3o de Toffoli.\nEle revogou uma determina\u00e7\u00e3o da Justi\u00e7a do Rio de Janeiro que, embora n\u00e3o\nproibisse a exibi\u00e7\u00e3o do filme, mandava incluir um aviso informando que era uma\ns\u00e1tira a \u201cvalores caros e sagrados da f\u00e9 crist\u00e3\u201d.<\/p>\n\n\n\n<p>Em janeiro deste ano, o TJ-RJ (Tribunal de Justi\u00e7a do Rio\nde Janeiro) decidiu suspender o especial, atendendo a um pedido de uma\nassocia\u00e7\u00e3o cat\u00f3lica.<\/p>\n\n\n\n<p>No dia seguinte, o ministro Dias Toffoli concedeu uma\ndecis\u00e3o liminar (provis\u00f3ria) na qual liberou a exibi\u00e7\u00e3o do especial. Agora, a\nSegunda Turma confirmou a decis\u00e3o.<\/p>\n\n\n\n<p>\u201cRetirar de circula\u00e7\u00e3o material apenas porque seu conte\u00fado\ndesagrada parcela da popula\u00e7\u00e3o, ainda que majorit\u00e1ria, n\u00e3o encontra fundamento\nem uma sociedade democr\u00e1tica e pluralista como a brasileira\u201d, disse o ministro\nGilmar Mendes, relator do caso.<\/p>\n\n\n\n<p><strong>Entenda\no caso<\/strong><\/p>\n\n\n\n<p>Em dezembro de 2019, o \u201cEspecial de Natal Porta dos Fundos:\nA Primeira Tenta\u00e7\u00e3o de Cristo\u201d foi suspensa pela Justi\u00e7a do Rio de Janeiro. Em\nseguida,&nbsp;o v\u00eddeo foi liberado por uma liminar concedida pelo ministro Dias\nToffoli, ent\u00e3o presidente da Corte.<\/p>\n\n\n\n<p>Na ocasi\u00e3o, a legalidade da exibi\u00e7\u00e3o foi contestada pela\nAssocia\u00e7\u00e3o Centro Dom Bosco de F\u00e9 e Cultura. A entidade alegou que o canal\nofendeu a f\u00e9 crist\u00e3 e promoveu discurso de \u00f3dio contra a religi\u00e3o.<\/p>\n\n\n\n<p>Dom Henrique Soares da Costa, atual bispo da Diocese de\nPalmares, em Pernambuco, entrou na campanha pelo cancelamento de assinaturas da\nNetflix.<\/p>\n\n\n\n<p>\u201cEnt\u00e3o, como Bispo da Igreja, eu exorto vivamente aos crist\u00e3os: neste Natal, proclame seu amor, sua f\u00e9, seu respeito em rela\u00e7\u00e3o a Nosso Senhor Jesus Cristo; mostre que seu amor por Ele \u00e9 real e ativo: cancele a assinatura da Netflix e l\u00e1, no menu apropriado, explique o motivo: \u201cdesrespeito por Jesus Cristo\u201d, \u201c desrespeito pelo cristianismo\u201d, etc. Se voc\u00ea realmente cr\u00ea e ama ao Senhor, n\u00e3o h\u00e1 outra atitude a tomar\u2026\u201d, escreveu o bispo em sua p\u00e1gina no Facebook<\/p>\n\n\n\n<figure class=\"wp-block-embed-youtube wp-block-embed is-type-video is-provider-youtube wp-embed-aspect-16-9 wp-has-aspect-ratio\"><div class=\"wp-block-embed__wrapper\">\n<iframe loading=\"lazy\" title=\"Especial de Natal Porta dos Fundos 2019: A Primeira Tenta\u00e7\u00e3o de Cristo | Trailer oficial | Netflix\" width=\"630\" height=\"354\" src=\"https:\/\/www.youtube.com\/embed\/XP9lX27D4Vo?feature=oembed\" frameborder=\"0\" allow=\"accelerometer; autoplay; clipboard-write; encrypted-media; gyroscope; picture-in-picture\" allowfullscreen><\/iframe>\n<\/div><\/figure>\n","protected":false},"excerpt":{"rendered":"<p>A&nbsp;Segunda Turma&nbsp;do Supremo Tribunal Federal (STF) manteve, por unanimidade, nesta ter\u00e7a-feira, 3, decis\u00e3o do ministro&nbsp;Dias Toffoli&nbsp;que&nbsp;autorizou a Netflix&nbsp;a exibir o \u201cEspecial de Natal Porta dos Fundos: A Primeira Tenta\u00e7\u00e3o de Cristo\u201c. O v\u00eddeo retrata satiricamente Jesus Cristo como homossexual ap\u00f3s passar 40 dias no deserto. Os ministros Gilmar Mendes, Edson Fachin, C\u00e1rmen L\u00facia e Ricardo [&hellip;]<\/p>\n","protected":false},"author":2,"featured_media":6873,"comment_status":"open","ping_status":"open","sticky":false,"template":"","format":"standard","meta":[],"categories":[4],"tags":[13],"_links":{"self":[{"href":"https:\/\/dgospel.com.br\/portal\/index.php\/wp-json\/wp\/v2\/posts\/6872"}],"collection":[{"href":"https:\/\/dgospel.com.br\/portal\/index.php\/wp-json\/wp\/v2\/posts"}],"about":[{"href":"https:\/\/dgospel.com.br\/portal\/index.php\/wp-json\/wp\/v2\/types\/post"}],"author":[{"embeddable":true,"href":"https:\/\/dgospel.com.br\/portal\/index.php\/wp-json\/wp\/v2\/users\/2"}],"replies":[{"embeddable":true,"href":"https:\/\/dgospel.com.br\/portal\/index.php\/wp-json\/wp\/v2\/comments?post=6872"}],"version-history":[{"count":1,"href":"https:\/\/dgospel.com.br\/portal\/index.php\/wp-json\/wp\/v2\/posts\/6872\/revisions"}],"predecessor-version":[{"id":6874,"href":"https:\/\/dgospel.com.br\/portal\/index.php\/wp-json\/wp\/v2\/posts\/6872\/revisions\/6874"}],"wp:featuredmedia":[{"embeddable":true,"href":"https:\/\/dgospel.com.br\/portal\/index.php\/wp-json\/wp\/v2\/media\/6873"}],"wp:attachment":[{"href":"https:\/\/dgospel.com.br\/portal\/index.php\/wp-json\/wp\/v2\/media?parent=6872"}],"wp:term":[{"taxonomy":"category","embeddable":true,"href":"https:\/\/dgospel.com.br\/portal\/index.php\/wp-json\/wp\/v2\/categories?post=6872"},{"taxonomy":"post_tag","embeddable":true,"href":"https:\/\/dgospel.com.br\/portal\/index.php\/wp-json\/wp\/v2\/tags?post=6872"}],"curies":[{"name":"wp","href":"https:\/\/api.w.org\/{rel}","templated":true}]}}