{"id":688,"date":"2018-07-04T00:32:33","date_gmt":"2018-07-04T03:32:33","guid":{"rendered":"http:\/\/dgospel.com.br\/portal\/?p=688"},"modified":"2018-07-04T00:32:33","modified_gmt":"2018-07-04T03:32:33","slug":"detran-reduz-18-no-valor-das-taxas-de-vistorias","status":"publish","type":"post","link":"https:\/\/dgospel.com.br\/portal\/index.php\/2018\/07\/04\/detran-reduz-18-no-valor-das-taxas-de-vistorias\/","title":{"rendered":"Detran reduz 18% no valor das taxas de vistorias"},"content":{"rendered":"<p class=\"yiv6259327453MsoNormal\">O Departamento de Tr\u00e2nsito do Tocantins (Detran-TO), com o objetivo de melhor atender o usu\u00e1rio, publicou uma portaria no Di\u00e1rio Oficial de N\u00ba 5145, do dia 02 de julho de 2018, diminuindo o valor das taxas de vistorias.<\/p>\n<p class=\"yiv6259327453MsoNormal\">Um criterioso estudo foi realizado e esta gest\u00e3o detectou que os gastos do condutor poderiam ser reduzidos atrav\u00e9s das vistorias. Tr\u00eas, das cinco categorias publicadas, reduziram 18% do valor da taxa.<\/p>\n<p class=\"yiv6259327453MsoNormal\">Confira as redu\u00e7\u00f5es:<\/p>\n<table class=\"yiv6259327453gmail-MsoTableGrid\" border=\"1\" cellspacing=\"0\" cellpadding=\"0\">\n<tbody>\n<tr>\n<td valign=\"top\" width=\"26\">\n<p class=\"yiv6259327453MsoNormal\" align=\"center\"><b>\u00a0<\/b><\/p>\n<\/td>\n<td valign=\"top\" width=\"198\">\n<p class=\"yiv6259327453MsoNormal\" align=\"center\"><b>Vistoria<\/b><\/p>\n<\/td>\n<td valign=\"top\" width=\"121\">\n<p class=\"yiv6259327453MsoNormal\" align=\"center\"><b>Valor anterior<\/b><\/p>\n<\/td>\n<td valign=\"top\" width=\"115\">\n<p class=\"yiv6259327453MsoNormal\" align=\"center\"><b>Valor atual<\/b><\/p>\n<\/td>\n<td valign=\"top\" width=\"115\">\n<p class=\"yiv6259327453MsoNormal\" align=\"center\"><b>% de redu\u00e7\u00e3o<\/b><\/p>\n<\/td>\n<\/tr>\n<tr>\n<td valign=\"top\" width=\"26\">\n<p class=\"yiv6259327453MsoNormal\" align=\"center\"><b>1<\/b><\/p>\n<\/td>\n<td valign=\"top\" width=\"198\">\n<p class=\"yiv6259327453MsoNormal\" align=\"center\">Vistoria de transfer\u00eancia de jurisdi\u00e7\u00e3o<\/p>\n<\/td>\n<td valign=\"top\" width=\"121\">\n<p class=\"yiv6259327453MsoNormal\" align=\"center\">R$130,00<\/p>\n<\/td>\n<td valign=\"top\" width=\"115\">\n<p class=\"yiv6259327453MsoNormal\" align=\"center\">R$106,97<\/p>\n<\/td>\n<td valign=\"top\" width=\"115\">\n<p class=\"yiv6259327453MsoNormal\" align=\"center\">18%<\/p>\n<\/td>\n<\/tr>\n<tr>\n<td valign=\"top\" width=\"26\">\n<p class=\"yiv6259327453MsoNormal\" align=\"center\"><b>2<\/b><\/p>\n<\/td>\n<td valign=\"top\" width=\"198\">\n<p class=\"yiv6259327453MsoNormal\" align=\"center\">Vistoria de transfer\u00eancia de propriedade<\/p>\n<\/td>\n<td valign=\"top\" width=\"121\">\n<p class=\"yiv6259327453MsoNormal\" align=\"center\">R$130,00<\/p>\n<\/td>\n<td valign=\"top\" width=\"115\">\n<p class=\"yiv6259327453MsoNormal\" align=\"center\">R$106,97<\/p>\n<\/td>\n<td valign=\"top\" width=\"115\">\n<p class=\"yiv6259327453MsoNormal\" align=\"center\">18%<\/p>\n<\/td>\n<\/tr>\n<tr>\n<td valign=\"top\" width=\"26\">\n<p class=\"yiv6259327453MsoNormal\" align=\"center\"><b>3<\/b><\/p>\n<\/td>\n<td valign=\"top\" width=\"198\">\n<p class=\"yiv6259327453MsoNormal\" align=\"center\">Vistoria de regulariza\u00e7\u00e3o de transfer\u00eancia<\/p>\n<\/td>\n<td valign=\"top\" width=\"121\">\n<p class=\"yiv6259327453MsoNormal\" align=\"center\">R$130,00<\/p>\n<\/td>\n<td valign=\"top\" width=\"115\">\n<p class=\"yiv6259327453MsoNormal\" align=\"center\">R$106,97<\/p>\n<\/td>\n<td valign=\"top\" width=\"115\">\n<p class=\"yiv6259327453MsoNormal\" align=\"center\">18%<\/p>\n<\/td>\n<\/tr>\n<tr>\n<td valign=\"top\" width=\"26\">\n<p class=\"yiv6259327453MsoNormal\" align=\"center\"><b>4<\/b><\/p>\n<\/td>\n<td valign=\"top\" width=\"198\">\n<p class=\"yiv6259327453MsoNormal\" align=\"center\">Vistoria domiciliar<\/p>\n<\/td>\n<td valign=\"top\" width=\"121\">\n<p class=\"yiv6259327453MsoNormal\" align=\"center\">R$147,50<\/p>\n<\/td>\n<td valign=\"top\" width=\"115\">\n<p class=\"yiv6259327453MsoNormal\" align=\"center\">R$142,62<\/p>\n<\/td>\n<td valign=\"top\" width=\"115\">\n<p class=\"yiv6259327453MsoNormal\" align=\"center\">3,3%<\/p>\n<\/td>\n<\/tr>\n<tr>\n<td valign=\"top\" width=\"26\">\n<p class=\"yiv6259327453MsoNormal\" align=\"center\"><b>5<\/b><\/p>\n<\/td>\n<td valign=\"top\" width=\"198\">\n<p class=\"yiv6259327453MsoNormal\" align=\"center\">Vistoria de ve\u00edculo<\/p>\n<\/td>\n<td valign=\"top\" width=\"121\">\n<p class=\"yiv6259327453MsoNormal\" align=\"center\">R$147,50<\/p>\n<\/td>\n<td valign=\"top\" width=\"115\">\n<p class=\"yiv6259327453MsoNormal\" align=\"center\">R$142,62<\/p>\n<\/td>\n<td valign=\"top\" width=\"115\">\n<p class=\"yiv6259327453MsoNormal\" align=\"center\">3,3%<\/p>\n<\/td>\n<\/tr>\n<\/tbody>\n<\/table>\n<p class=\"yiv6259327453MsoNormal\">\n<p class=\"yiv6259327453MsoNormal\"><b><u>Mudan\u00e7a nas vistorias<\/u><\/b><\/p>\n<p class=\"yiv6259327453MsoNormal\">Esta n\u00e3o foi \u00e0 primeira mudan\u00e7a que esta gest\u00e3o fez no processo de vistorias. No dia 27 de junho de 2018, foi publicado no Di\u00e1rio Oficial de N\u00ba 5142 que os processos que exijam a troca de placa dos ve\u00edculos \u2013 transfer\u00eancia de jurisdi\u00e7\u00e3o, transfer\u00eancia de UF e mudan\u00e7a de categorias \u2013 que n\u00e3o estiverem de acordo com os padr\u00f5es exigidos pelo Denatran, n\u00e3o pagar\u00e3o novas taxas para um novo processo de LPT (lacre, placa e tarjeta) se estiverem dentro do prazo de vistoria (30 dias).<\/p>\n<p class=\"yiv6259327453MsoNormal\">Antes de tal portaria as vistorias n\u00e3o possu\u00edam prazo, quando o usu\u00e1rio tinha a placa com algum item fora dos padr\u00f5es exigidos, este tinha o seu processo cancelado, abria um processo para troca de placa, pagava por uma nova, retornava para a vistoria e esta nova placa n\u00e3o era utilizada, era apenas para passar no processo e realizar novo emplacamento. Ou seja, o usu\u00e1rio gastava com uma taxa desnecess\u00e1ria e uma placa que apenas poluiria o ambiente, pois n\u00e3o seria utilizada nem por 24h. Hoje apenas uma vistoria \u00e9 paga e a placa s\u00f3 \u00e9 trocada pela definitiva ao fim do processo.<\/p>\n<p class=\"yiv6259327453MsoNormal\">A atual administra\u00e7\u00e3o preza por medidas que acarretem menor impacto financeiro na vida do usu\u00e1rio, motivo pelo qual o prazo de 30 dias foi estabelecido e os valores das taxas de vistorias reduzidos.<\/p>\n","protected":false},"excerpt":{"rendered":"<p>O Departamento de Tr\u00e2nsito do Tocantins (Detran-TO), com o objetivo de melhor atender o usu\u00e1rio, publicou uma portaria no Di\u00e1rio Oficial de N\u00ba 5145, do dia 02 de julho de 2018, diminuindo o valor das taxas de vistorias. Um criterioso estudo foi realizado e esta gest\u00e3o detectou que os gastos do condutor poderiam ser reduzidos [&hellip;]<\/p>\n","protected":false},"author":2,"featured_media":689,"comment_status":"open","ping_status":"open","sticky":false,"template":"","format":"standard","meta":[],"categories":[2,3],"tags":[],"_links":{"self":[{"href":"https:\/\/dgospel.com.br\/portal\/index.php\/wp-json\/wp\/v2\/posts\/688"}],"collection":[{"href":"https:\/\/dgospel.com.br\/portal\/index.php\/wp-json\/wp\/v2\/posts"}],"about":[{"href":"https:\/\/dgospel.com.br\/portal\/index.php\/wp-json\/wp\/v2\/types\/post"}],"author":[{"embeddable":true,"href":"https:\/\/dgospel.com.br\/portal\/index.php\/wp-json\/wp\/v2\/users\/2"}],"replies":[{"embeddable":true,"href":"https:\/\/dgospel.com.br\/portal\/index.php\/wp-json\/wp\/v2\/comments?post=688"}],"version-history":[{"count":1,"href":"https:\/\/dgospel.com.br\/portal\/index.php\/wp-json\/wp\/v2\/posts\/688\/revisions"}],"predecessor-version":[{"id":690,"href":"https:\/\/dgospel.com.br\/portal\/index.php\/wp-json\/wp\/v2\/posts\/688\/revisions\/690"}],"wp:featuredmedia":[{"embeddable":true,"href":"https:\/\/dgospel.com.br\/portal\/index.php\/wp-json\/wp\/v2\/media\/689"}],"wp:attachment":[{"href":"https:\/\/dgospel.com.br\/portal\/index.php\/wp-json\/wp\/v2\/media?parent=688"}],"wp:term":[{"taxonomy":"category","embeddable":true,"href":"https:\/\/dgospel.com.br\/portal\/index.php\/wp-json\/wp\/v2\/categories?post=688"},{"taxonomy":"post_tag","embeddable":true,"href":"https:\/\/dgospel.com.br\/portal\/index.php\/wp-json\/wp\/v2\/tags?post=688"}],"curies":[{"name":"wp","href":"https:\/\/api.w.org\/{rel}","templated":true}]}}