{"id":6890,"date":"2020-11-09T11:28:49","date_gmt":"2020-11-09T14:28:49","guid":{"rendered":"http:\/\/dgospel.com.br\/portal\/?p=6890"},"modified":"2020-11-09T11:28:50","modified_gmt":"2020-11-09T14:28:50","slug":"bispo-abigail-carlos-de-almeida-morre-aos-85-anos-em-goiania","status":"publish","type":"post","link":"https:\/\/dgospel.com.br\/portal\/index.php\/2020\/11\/09\/bispo-abigail-carlos-de-almeida-morre-aos-85-anos-em-goiania\/","title":{"rendered":"Bispo Abigail Carlos de Almeida morre aos 85 anos em Goi\u00e2nia"},"content":{"rendered":"\n<p> O bispo Abigail Carlos de Almeida, de 85 anos, presidente da Assembleia de Deus Minist\u00e9rio Fama, morreu, na madrugada deste domingo (8), com Covid-19, em um hospital de Goi\u00e2nia, capital de Goi\u00e1s. Abigail se recuperava de uma cirurgia quando descobriu a infec\u00e7\u00e3o pela doen\u00e7a. Ele deixa a esposa Nair de Almeida, oito filhos e 20 netos. <\/p>\n\n\n\n<p> Almeida era pai do candidato a prefeito por Goi\u00e2nia, Samuel Almeida (PROS). A assessoria informou que ele faleceu em decorr\u00eancia de complica\u00e7\u00f5es da doen\u00e7a causada pelo coronav\u00edrus. O bispo havia sofrido uma queda no ano passado, passou por uma cirurgia na coluna e vinha se recuperando bem, mas em outubro precisou voltar ao hospital. <\/p>\n\n\n\n<p>Abigail foi encaminhado para a Unidade de Terapia Intensiva (UTI) do Hospital \u00d3rion, em Goi\u00e2nia, no dia 21 de outubro, e vinha reagindo bem ao tratamento, at\u00e9 que na \u00faltima quinta-feira (5), foi diagnosticado com a Covid-19.<\/p>\n\n\n\n<p>O governador de Goi\u00e1s, Ronaldo Caiado (DEM), e a primeira-dama Gracinha Caiado divulgaram uma nota de pesar aos familiares e amigos do l\u00edder religioso e manifestaram \u201cimensas saudades\u201d pela morte de Abigail.<\/p>\n\n\n\n<p>\u2013 Ao partir, deixa imensas saudades em todos os que tiveram o privil\u00e9gio de com ele conviver, mas, fortemente, ficam o seu testemunho e sua imensa obra que transformou milhares de vidas \u2013 disse o casal.<\/p>\n\n\n\n<p>O prefeito de Aparecida de Goi\u00e2nia, Gustavo Mendanha (MDB), tamb\u00e9m lamentou a morte do bispo nas redes sociais. Mendanha, que \u00e9 evang\u00e9lico, afirmou que o dia amanheceu \u201cmais cinza\u201d.<\/p>\n\n\n\n<p>\u2013 Pai, Av\u00f4, Esposo, Amigo e Pastor dedicado, o bispo nos deixou e foi fazer morada junto com o Nosso Senhor. Estamos em ora\u00e7\u00f5es para que Deus conforte e tranquilize o cora\u00e7\u00e3o de todos que rodeavam o grande homem que foi o Bispo Abigail \u2013 completou.<\/p>\n","protected":false},"excerpt":{"rendered":"<p>O bispo Abigail Carlos de Almeida, de 85 anos, presidente da Assembleia de Deus Minist\u00e9rio Fama, morreu, na madrugada deste domingo (8), com Covid-19, em um hospital de Goi\u00e2nia, capital de Goi\u00e1s. Abigail se recuperava de uma cirurgia quando descobriu a infec\u00e7\u00e3o pela doen\u00e7a. Ele deixa a esposa Nair de Almeida, oito filhos e 20 [&hellip;]<\/p>\n","protected":false},"author":2,"featured_media":6891,"comment_status":"open","ping_status":"open","sticky":false,"template":"","format":"standard","meta":[],"categories":[5],"tags":[13,14],"_links":{"self":[{"href":"https:\/\/dgospel.com.br\/portal\/index.php\/wp-json\/wp\/v2\/posts\/6890"}],"collection":[{"href":"https:\/\/dgospel.com.br\/portal\/index.php\/wp-json\/wp\/v2\/posts"}],"about":[{"href":"https:\/\/dgospel.com.br\/portal\/index.php\/wp-json\/wp\/v2\/types\/post"}],"author":[{"embeddable":true,"href":"https:\/\/dgospel.com.br\/portal\/index.php\/wp-json\/wp\/v2\/users\/2"}],"replies":[{"embeddable":true,"href":"https:\/\/dgospel.com.br\/portal\/index.php\/wp-json\/wp\/v2\/comments?post=6890"}],"version-history":[{"count":1,"href":"https:\/\/dgospel.com.br\/portal\/index.php\/wp-json\/wp\/v2\/posts\/6890\/revisions"}],"predecessor-version":[{"id":6892,"href":"https:\/\/dgospel.com.br\/portal\/index.php\/wp-json\/wp\/v2\/posts\/6890\/revisions\/6892"}],"wp:featuredmedia":[{"embeddable":true,"href":"https:\/\/dgospel.com.br\/portal\/index.php\/wp-json\/wp\/v2\/media\/6891"}],"wp:attachment":[{"href":"https:\/\/dgospel.com.br\/portal\/index.php\/wp-json\/wp\/v2\/media?parent=6890"}],"wp:term":[{"taxonomy":"category","embeddable":true,"href":"https:\/\/dgospel.com.br\/portal\/index.php\/wp-json\/wp\/v2\/categories?post=6890"},{"taxonomy":"post_tag","embeddable":true,"href":"https:\/\/dgospel.com.br\/portal\/index.php\/wp-json\/wp\/v2\/tags?post=6890"}],"curies":[{"name":"wp","href":"https:\/\/api.w.org\/{rel}","templated":true}]}}