{"id":6893,"date":"2020-11-09T11:53:01","date_gmt":"2020-11-09T14:53:01","guid":{"rendered":"http:\/\/dgospel.com.br\/portal\/?p=6893"},"modified":"2020-11-09T11:53:03","modified_gmt":"2020-11-09T14:53:03","slug":"moro-e-huck-negociam-alianca-para-eleicao-de-2022-diz-jornal","status":"publish","type":"post","link":"https:\/\/dgospel.com.br\/portal\/index.php\/2020\/11\/09\/moro-e-huck-negociam-alianca-para-eleicao-de-2022-diz-jornal\/","title":{"rendered":"Moro e Huck negociam alian\u00e7a para elei\u00e7\u00e3o de 2022, diz jornal"},"content":{"rendered":"\n<p> Uma alian\u00e7a entre o apresentador Luciano Huck e o ex-ministro da Justi\u00e7a e Seguran\u00e7a P\u00fablica, Sergio Moro, pode estar pr\u00f3xima de acontecer ap\u00f3s os dois iniciarem conversas para formar uma alian\u00e7a visando concorrer na elei\u00e7\u00e3o presidencial de 2022. A informa\u00e7\u00e3o foi divulgada pelo jornal Folha de S\u00e3o Paulo. <\/p>\n\n\n\n<p> Segundo a publica\u00e7\u00e3o, os dois tiveram um longo encontro no apartamento de Moro, em Curitiba, no dia 30 de outubro, em que acertaram a inten\u00e7\u00e3o de se unir em uma esp\u00e9cie de \u201cterceira via\u201d para disputar o Pal\u00e1cio do Planalto daqui a dois anos. <\/p>\n\n\n\n<p>O jornal afirmou que a dupla ainda n\u00e3o se decidiu quem seria o cabe\u00e7a de chapa de uma eventual candidatura conjunta. A discuss\u00e3o, segundo o texto, seria feita ao longo do ano de 2021.<\/p>\n\n\n\n<p>O convite para o encontro teria partido de Moro. Huck chegou \u00e0 resid\u00eancia do ex-juiz da Lava Jato por volta das 12h. Os dois almo\u00e7aram na varanda do apartamento e estenderam a conversa at\u00e9 pouco antes das 15h. Procurados, Huck e Moro n\u00e3o quiseram se manifestar sobre o encontro.<\/p>\n","protected":false},"excerpt":{"rendered":"<p>Uma alian\u00e7a entre o apresentador Luciano Huck e o ex-ministro da Justi\u00e7a e Seguran\u00e7a P\u00fablica, Sergio Moro, pode estar pr\u00f3xima de acontecer ap\u00f3s os dois iniciarem conversas para formar uma alian\u00e7a visando concorrer na elei\u00e7\u00e3o presidencial de 2022. A informa\u00e7\u00e3o foi divulgada pelo jornal Folha de S\u00e3o Paulo. Segundo a publica\u00e7\u00e3o, os dois tiveram um [&hellip;]<\/p>\n","protected":false},"author":2,"featured_media":6894,"comment_status":"open","ping_status":"open","sticky":false,"template":"","format":"standard","meta":[],"categories":[4],"tags":[13,14],"_links":{"self":[{"href":"https:\/\/dgospel.com.br\/portal\/index.php\/wp-json\/wp\/v2\/posts\/6893"}],"collection":[{"href":"https:\/\/dgospel.com.br\/portal\/index.php\/wp-json\/wp\/v2\/posts"}],"about":[{"href":"https:\/\/dgospel.com.br\/portal\/index.php\/wp-json\/wp\/v2\/types\/post"}],"author":[{"embeddable":true,"href":"https:\/\/dgospel.com.br\/portal\/index.php\/wp-json\/wp\/v2\/users\/2"}],"replies":[{"embeddable":true,"href":"https:\/\/dgospel.com.br\/portal\/index.php\/wp-json\/wp\/v2\/comments?post=6893"}],"version-history":[{"count":1,"href":"https:\/\/dgospel.com.br\/portal\/index.php\/wp-json\/wp\/v2\/posts\/6893\/revisions"}],"predecessor-version":[{"id":6895,"href":"https:\/\/dgospel.com.br\/portal\/index.php\/wp-json\/wp\/v2\/posts\/6893\/revisions\/6895"}],"wp:featuredmedia":[{"embeddable":true,"href":"https:\/\/dgospel.com.br\/portal\/index.php\/wp-json\/wp\/v2\/media\/6894"}],"wp:attachment":[{"href":"https:\/\/dgospel.com.br\/portal\/index.php\/wp-json\/wp\/v2\/media?parent=6893"}],"wp:term":[{"taxonomy":"category","embeddable":true,"href":"https:\/\/dgospel.com.br\/portal\/index.php\/wp-json\/wp\/v2\/categories?post=6893"},{"taxonomy":"post_tag","embeddable":true,"href":"https:\/\/dgospel.com.br\/portal\/index.php\/wp-json\/wp\/v2\/tags?post=6893"}],"curies":[{"name":"wp","href":"https:\/\/api.w.org\/{rel}","templated":true}]}}