{"id":6899,"date":"2020-11-09T12:19:04","date_gmt":"2020-11-09T15:19:04","guid":{"rendered":"http:\/\/dgospel.com.br\/portal\/?p=6899"},"modified":"2020-11-09T12:19:06","modified_gmt":"2020-11-09T15:19:06","slug":"governador-do-estado-de-goias-decreta-luto-oficial-pela-morte-do-bispo-abigail","status":"publish","type":"post","link":"https:\/\/dgospel.com.br\/portal\/index.php\/2020\/11\/09\/governador-do-estado-de-goias-decreta-luto-oficial-pela-morte-do-bispo-abigail\/","title":{"rendered":"Governador do Estado de Goi\u00e1s decreta luto oficial pela morte do bispo Abigail"},"content":{"rendered":"\n<p>O governador do Estado de Goi\u00e1s,&nbsp;<a href=\"https:\/\/www.emaisgoias.com.br\/vitima-da-covid-19-bispo-abigail-carlos-nao-tera-velorio\/\"><strong>Ronaldo Caiado (DEM)<\/strong><\/a>,\ndecretou&nbsp;<strong>luto oficial de tr\u00eas dias<\/strong>&nbsp;pela morte\ndo presidente da igreja&nbsp;<strong>Assembleia de Deus<\/strong>,&nbsp;<strong>bispo\nAbigail&nbsp;<\/strong>Carlos de Almeida, de 85 anos. Ele foi v\u00edtima de\ncomplica\u00e7\u00f5es causadas em decorr\u00eancia da covid-19.<\/p>\n\n\n\n<p>O bispo tamb\u00e9m era pai do candidato \u00e0&nbsp;<strong>prefeitura\nde Goi\u00e2nia<\/strong>,&nbsp;<strong>Samuel Almeida (Pros).&nbsp;<\/strong>Por\nmeio de nota encaminhada ao&nbsp;<strong>Mais Goi\u00e1s<\/strong>, a assessoria\ndo candidato afirmou que a morte de Abigail pegou a todos de surpresa, j\u00e1 que\nele se recuperava de uma cirurgia na coluna realizada no \u00faltimo m\u00eas. O bispo\ndeixa 8 filhos, incluindo Samuel Almeida, e 20 netos.<\/p>\n\n\n\n<p>Por causa da doen\u00e7a,&nbsp;<a href=\"https:\/\/www.emaisgoias.com.br\/vitima-da-covid-19-bispo-abigail-carlos-nao-tera-velorio\/\"><strong>n\u00e3o houve vel\u00f3rio,<\/strong><\/a>&nbsp;apenas um cortejo\nque saiu da Assembleia de Deus Minist\u00e9rio Fama, em Campinas, at\u00e9 o Cemit\u00e9rio\nJardim das Palmeiras.<\/p>\n\n\n\n\n\n<p>\n\n\n\nNas redes sociais, Samuel prestou homenagem ao pai. \u201c[O pai] foi um homem de\nmuito car\u00e1ter, honradez e servid\u00e3o a Deus, deixando um legado de extrema\nimport\u00e2ncia para sua fam\u00edlia, filhos e para todos os que tiveram a oportunidade\nde o conhecer e de conviver com ele\u201d.&nbsp;\u201cApesar\ndo momento de luto, temos a certeza de que os des\u00edgnios de Deus s\u00e3o sempre os\nmais certos. Que Deus d\u00ea conforto e for\u00e7a a todos!\u201d, finalizou.<\/p>\n\n\n\n<p>Fonte: emaisgoias<\/p>\n","protected":false},"excerpt":{"rendered":"<p>O governador do Estado de Goi\u00e1s,&nbsp;Ronaldo Caiado (DEM), decretou&nbsp;luto oficial de tr\u00eas dias&nbsp;pela morte do presidente da igreja&nbsp;Assembleia de Deus,&nbsp;bispo Abigail&nbsp;Carlos de Almeida, de 85 anos. Ele foi v\u00edtima de complica\u00e7\u00f5es causadas em decorr\u00eancia da covid-19. O bispo tamb\u00e9m era pai do candidato \u00e0&nbsp;prefeitura de Goi\u00e2nia,&nbsp;Samuel Almeida (Pros).&nbsp;Por meio de nota encaminhada ao&nbsp;Mais Goi\u00e1s, a [&hellip;]<\/p>\n","protected":false},"author":2,"featured_media":6900,"comment_status":"open","ping_status":"open","sticky":false,"template":"","format":"standard","meta":[],"categories":[5],"tags":[13],"_links":{"self":[{"href":"https:\/\/dgospel.com.br\/portal\/index.php\/wp-json\/wp\/v2\/posts\/6899"}],"collection":[{"href":"https:\/\/dgospel.com.br\/portal\/index.php\/wp-json\/wp\/v2\/posts"}],"about":[{"href":"https:\/\/dgospel.com.br\/portal\/index.php\/wp-json\/wp\/v2\/types\/post"}],"author":[{"embeddable":true,"href":"https:\/\/dgospel.com.br\/portal\/index.php\/wp-json\/wp\/v2\/users\/2"}],"replies":[{"embeddable":true,"href":"https:\/\/dgospel.com.br\/portal\/index.php\/wp-json\/wp\/v2\/comments?post=6899"}],"version-history":[{"count":1,"href":"https:\/\/dgospel.com.br\/portal\/index.php\/wp-json\/wp\/v2\/posts\/6899\/revisions"}],"predecessor-version":[{"id":6901,"href":"https:\/\/dgospel.com.br\/portal\/index.php\/wp-json\/wp\/v2\/posts\/6899\/revisions\/6901"}],"wp:featuredmedia":[{"embeddable":true,"href":"https:\/\/dgospel.com.br\/portal\/index.php\/wp-json\/wp\/v2\/media\/6900"}],"wp:attachment":[{"href":"https:\/\/dgospel.com.br\/portal\/index.php\/wp-json\/wp\/v2\/media?parent=6899"}],"wp:term":[{"taxonomy":"category","embeddable":true,"href":"https:\/\/dgospel.com.br\/portal\/index.php\/wp-json\/wp\/v2\/categories?post=6899"},{"taxonomy":"post_tag","embeddable":true,"href":"https:\/\/dgospel.com.br\/portal\/index.php\/wp-json\/wp\/v2\/tags?post=6899"}],"curies":[{"name":"wp","href":"https:\/\/api.w.org\/{rel}","templated":true}]}}