{"id":6905,"date":"2020-11-09T17:29:44","date_gmt":"2020-11-09T20:29:44","guid":{"rendered":"http:\/\/dgospel.com.br\/portal\/?p=6905"},"modified":"2020-11-09T17:29:46","modified_gmt":"2020-11-09T20:29:46","slug":"atrativos-turisticos-do-tocantins-sao-destaque-na-festuris-maior-feira-de-turismo-da-america-latina","status":"publish","type":"post","link":"https:\/\/dgospel.com.br\/portal\/index.php\/2020\/11\/09\/atrativos-turisticos-do-tocantins-sao-destaque-na-festuris-maior-feira-de-turismo-da-america-latina\/","title":{"rendered":"Atrativos tur\u00edsticos do Tocantins s\u00e3o destaque na Festuris, maior feira de turismo da Am\u00e9rica Latina"},"content":{"rendered":"\n<p>\u201cEu sou apaixonada pelo Tocantins, n\u00e3o conhe\u00e7o, mas quero muito ter a honra e a alegria de conhecer\u201d. Frases como essa, dita por Mariele Carneiro, turism\u00f3loga que saiu de Minas Gerais para aproveitar a feira, eram constantes pelos pavilh\u00f5es do Serra Park, centro de eventos da cidade de Gramado \u2013 local que sediou a 32\u00aa Festuris. O Governo do Tocantins foi representado pela vice-presidente da Ag\u00eancia do Desenvolvimento do Turismo, Cultura e Economia Criativa (Adetuc), Mounira Hawat, e pela gerente de promo\u00e7\u00e3o tur\u00edstica, T\u00e2nia M\u00e1rcia.<\/p>\n\n\n\n<p>A Festuris 2020, que ocorreu entre os dias 5 e 8 de novembro, foi o primeiro evento de turismo nesse formato desde o come\u00e7o da pandemia. A feira ga\u00facha reuniu mais de 5 mil participantes, entre autoridades, convidados e lideran\u00e7as do setor. \u201cForam dois dias de intenso trabalho. Conseguimos promover o nosso Estado e colocar o Tocantins numa posi\u00e7\u00e3o de destaque durante todo o evento. Tivemos uma no\u00e7\u00e3o maior do quanto o Tocantins faz parte do imagin\u00e1rio dos viajantes. Isso prova que a gest\u00e3o Mauro Carlesse est\u00e1 no caminho certo e que o turismo do Estado est\u00e1 no seu melhor momento\u201d, enfatizou Mounira Hawat.<\/p>\n\n\n\n<p>Dentre os visitantes que estiveram no estande do Tocantins, Gilson Machado Neto, presidente da Embratur, fez quest\u00e3o de elogiar a gest\u00e3o e disse ser um admirador do Jalap\u00e3o. \u201cSemestre passado, estive com Tom Lyra, presidente da Adetuc, e fiquei impressionado com o crescimento do setor no Estado. Por onde eu ando, ou\u00e7o falar do Tocantins\u201d, pontuou Machado Neto.<\/p>\n\n\n\n<p><strong>A feira<\/strong><\/p>\n\n\n\n<p>Durante a feira, as cinco regi\u00f5es tur\u00edsticas do Tocantins foram divulgadas &#8211;&nbsp; Encantos do Jalap\u00e3o, Serras Gerais, Serras e Lago (que inclui a Capital, Palmas), Lagos e Praias do Cant\u00e3o e Ilha do Bananal. Foram distribu\u00eddas revistas e QR Code para acesso digital \u00e0s informa\u00e7\u00f5es sobre os munic\u00edpios que integram estas regi\u00f5es e seus principais atrativos.<\/p>\n\n\n\n<p>Com as limita\u00e7\u00f5es impostas pela pandemia, a Festuris representou a recupera\u00e7\u00e3o da ind\u00fastria do turismo, que foi severamente impactada. O evento contou com uma s\u00e9rie de protocolos de preven\u00e7\u00e3o \u00e0 Covid-19 e teve&nbsp;a seguran\u00e7a como prioridade.<\/p>\n\n\n\n<p>Entre as medidas adotadas nesta edi\u00e7\u00e3o, houve redu\u00e7\u00e3o do n\u00famero de participantes e aumento do espa\u00e7o entre estandes. O credenciamento dos participantes aconteceu via internet, sem necessidade de contato f\u00edsico. Na entrada, houve leitura de temperatura, verifica\u00e7\u00e3o de uso de m\u00e1scara, validador de acesso e \u00e1lcool gel.<\/p>\n","protected":false},"excerpt":{"rendered":"<p>\u201cEu sou apaixonada pelo Tocantins, n\u00e3o conhe\u00e7o, mas quero muito ter a honra e a alegria de conhecer\u201d. Frases como essa, dita por Mariele Carneiro, turism\u00f3loga que saiu de Minas Gerais para aproveitar a feira, eram constantes pelos pavilh\u00f5es do Serra Park, centro de eventos da cidade de Gramado \u2013 local que sediou a 32\u00aa [&hellip;]<\/p>\n","protected":false},"author":2,"featured_media":6906,"comment_status":"open","ping_status":"open","sticky":false,"template":"","format":"standard","meta":[],"categories":[3],"tags":[],"_links":{"self":[{"href":"https:\/\/dgospel.com.br\/portal\/index.php\/wp-json\/wp\/v2\/posts\/6905"}],"collection":[{"href":"https:\/\/dgospel.com.br\/portal\/index.php\/wp-json\/wp\/v2\/posts"}],"about":[{"href":"https:\/\/dgospel.com.br\/portal\/index.php\/wp-json\/wp\/v2\/types\/post"}],"author":[{"embeddable":true,"href":"https:\/\/dgospel.com.br\/portal\/index.php\/wp-json\/wp\/v2\/users\/2"}],"replies":[{"embeddable":true,"href":"https:\/\/dgospel.com.br\/portal\/index.php\/wp-json\/wp\/v2\/comments?post=6905"}],"version-history":[{"count":1,"href":"https:\/\/dgospel.com.br\/portal\/index.php\/wp-json\/wp\/v2\/posts\/6905\/revisions"}],"predecessor-version":[{"id":6907,"href":"https:\/\/dgospel.com.br\/portal\/index.php\/wp-json\/wp\/v2\/posts\/6905\/revisions\/6907"}],"wp:featuredmedia":[{"embeddable":true,"href":"https:\/\/dgospel.com.br\/portal\/index.php\/wp-json\/wp\/v2\/media\/6906"}],"wp:attachment":[{"href":"https:\/\/dgospel.com.br\/portal\/index.php\/wp-json\/wp\/v2\/media?parent=6905"}],"wp:term":[{"taxonomy":"category","embeddable":true,"href":"https:\/\/dgospel.com.br\/portal\/index.php\/wp-json\/wp\/v2\/categories?post=6905"},{"taxonomy":"post_tag","embeddable":true,"href":"https:\/\/dgospel.com.br\/portal\/index.php\/wp-json\/wp\/v2\/tags?post=6905"}],"curies":[{"name":"wp","href":"https:\/\/api.w.org\/{rel}","templated":true}]}}