{"id":6908,"date":"2020-11-09T17:31:05","date_gmt":"2020-11-09T20:31:05","guid":{"rendered":"http:\/\/dgospel.com.br\/portal\/?p=6908"},"modified":"2020-11-09T17:31:07","modified_gmt":"2020-11-09T20:31:07","slug":"com-o-inicio-do-novembro-azul-procon-reforca-prevencao-e-diagnostico-precoce-do-cancer-de-prostata-com-programacao-em-araguaina","status":"publish","type":"post","link":"https:\/\/dgospel.com.br\/portal\/index.php\/2020\/11\/09\/com-o-inicio-do-novembro-azul-procon-reforca-prevencao-e-diagnostico-precoce-do-cancer-de-prostata-com-programacao-em-araguaina\/","title":{"rendered":"Com o in\u00edcio do novembro azul, Procon refor\u00e7a preven\u00e7\u00e3o e diagn\u00f3stico precoce do c\u00e2ncer de pr\u00f3stata com programa\u00e7\u00e3o em Aragua\u00edna"},"content":{"rendered":"\n<p>Cuidar da Sa\u00fade tamb\u00e9m \u00e9 coisa de homem. Essa preocupa\u00e7\u00e3o n\u00e3o se trata de agir contra os sintomas, mas cuidar, preventivamente, da sa\u00fade no todo, o f\u00edsico, a mente, da qualidade de vida, do lazer e das rela\u00e7\u00f5es pessoais.<\/p>\n\n\n\n<p>Nesse sentido, o Procon Tocantins, por meio do N\u00facleo Regional de Aragua\u00edna, realizar\u00e1 nesta quinta-feira, 12,&nbsp;\u00e0s 14 horas, a palestra&nbsp;<em>Homem tamb\u00e9m se cuida<\/em>.&nbsp;<\/p>\n\n\n\n<p>O evento faz parte da campanha&nbsp;<em>Novembro Azul&nbsp;<\/em>que refor\u00e7a a import\u00e2ncia da preven\u00e7\u00e3o e diagn\u00f3stico precoce do c\u00e2ncer de pr\u00f3stata. Ministrada pela m\u00e9dica&nbsp;Fiama Viana, a palestra contar\u00e1 com a participa\u00e7\u00e3o de colaboradores, consumidores e dos alunos do Itpac.<\/p>\n\n\n\n<p>O diretor do Procon de Aragua\u00edna, Manoel Messias Moreira de Brito, explica que a programa\u00e7\u00e3o busca incentivar os homens para os cuidados e a preven\u00e7\u00e3o, seja jovem ou adulto, \u201cassim, poderemos contribuir com a redu\u00e7\u00e3o das taxas de mortalidade e morbidade al\u00e9m de melhorar a qualidade de vida dos homens\u201d.<\/p>\n\n\n\n<p><strong>Dados<\/strong><\/p>\n\n\n\n<p>De acordo com o Instituto Nacional do C\u00e2ncer (Inca), em 2020, surgir\u00e3o mais de 65 mil novos casos de c\u00e2ncer de pr\u00f3stata, o tipo de c\u00e2ncer mais comum entre os homens brasileiros. Ainda, segundo o instituto, se o tumor for diagnosticado precocemente e dentro da pr\u00f3stata, a cura pode chegar a 90%. Por\u00e9m, o preconceito ainda \u00e9 o grande vil\u00e3o no combate \u00e0 doen\u00e7a.<\/p>\n\n\n\n<p>Referindo-se aos dados do Inca, o superintendente do Procon Tocantins, Walter Viana, considera urgente a necessidade de promover a mudan\u00e7a de comportamento dos homens em rela\u00e7\u00e3o \u00e0 sa\u00fade. \u201c\u00c9 primordial que alertemos a popula\u00e7\u00e3o masculina para a import\u00e2ncia de adotar h\u00e1bitos mais saud\u00e1veis e da realiza\u00e7\u00e3o dos exames peri\u00f3dicos para detectar o c\u00e2ncer de pr\u00f3stata\u201d, observou, acrescentando que levar informa\u00e7\u00f5es aos consumidores tamb\u00e9m \u00e9 papel dos \u00f3rg\u00e3os de defesa do consumidor.<\/p>\n\n\n\n<p><strong>Entenda mais<\/strong><\/p>\n\n\n\n<p>A pr\u00f3stata \u00e9 uma gl\u00e2ndula que s\u00f3 o homem possui e que se localiza na parte baixa do abd\u00f4men. Ela \u00e9 um \u00f3rg\u00e3o pequeno, tem a forma de uma ma\u00e7\u00e3 e se situa logo abaixo da bexiga e \u00e0 frente do reto (parte final do intestino grosso). A pr\u00f3stata envolve a por\u00e7\u00e3o inicial da uretra, tubo pelo qual a urina armazenada na bexiga \u00e9 eliminada, e produz parte do s\u00eamen, l\u00edquido espesso que cont\u00e9m os espermatoz\u00f3ides liberados durante o ato sexual.<\/p>\n\n\n\n<p>O c\u00e2ncer de pr\u00f3stata \u00e9 considerado um c\u00e2ncer da terceira idade, j\u00e1 que cerca de 75% dos casos no mundo ocorrem a partir dos 65 anos. Alguns desses tumores podem crescer de forma r\u00e1pida, espalhando-se para outros \u00f3rg\u00e3os e podendo levar \u00e0 morte. A maioria, por\u00e9m, cresce de forma lenta e n\u00e3o chega a dar sinais. (Com informa\u00e7\u00f5es\/ Blog da Sa\u00fade\/Minist\u00e9rio da Sa\u00fade.<\/p>\n","protected":false},"excerpt":{"rendered":"<p>Cuidar da Sa\u00fade tamb\u00e9m \u00e9 coisa de homem. Essa preocupa\u00e7\u00e3o n\u00e3o se trata de agir contra os sintomas, mas cuidar, preventivamente, da sa\u00fade no todo, o f\u00edsico, a mente, da qualidade de vida, do lazer e das rela\u00e7\u00f5es pessoais. Nesse sentido, o Procon Tocantins, por meio do N\u00facleo Regional de Aragua\u00edna, realizar\u00e1 nesta quinta-feira, 12,&nbsp;\u00e0s [&hellip;]<\/p>\n","protected":false},"author":2,"featured_media":6909,"comment_status":"open","ping_status":"open","sticky":false,"template":"","format":"standard","meta":[],"categories":[3],"tags":[],"_links":{"self":[{"href":"https:\/\/dgospel.com.br\/portal\/index.php\/wp-json\/wp\/v2\/posts\/6908"}],"collection":[{"href":"https:\/\/dgospel.com.br\/portal\/index.php\/wp-json\/wp\/v2\/posts"}],"about":[{"href":"https:\/\/dgospel.com.br\/portal\/index.php\/wp-json\/wp\/v2\/types\/post"}],"author":[{"embeddable":true,"href":"https:\/\/dgospel.com.br\/portal\/index.php\/wp-json\/wp\/v2\/users\/2"}],"replies":[{"embeddable":true,"href":"https:\/\/dgospel.com.br\/portal\/index.php\/wp-json\/wp\/v2\/comments?post=6908"}],"version-history":[{"count":1,"href":"https:\/\/dgospel.com.br\/portal\/index.php\/wp-json\/wp\/v2\/posts\/6908\/revisions"}],"predecessor-version":[{"id":6910,"href":"https:\/\/dgospel.com.br\/portal\/index.php\/wp-json\/wp\/v2\/posts\/6908\/revisions\/6910"}],"wp:featuredmedia":[{"embeddable":true,"href":"https:\/\/dgospel.com.br\/portal\/index.php\/wp-json\/wp\/v2\/media\/6909"}],"wp:attachment":[{"href":"https:\/\/dgospel.com.br\/portal\/index.php\/wp-json\/wp\/v2\/media?parent=6908"}],"wp:term":[{"taxonomy":"category","embeddable":true,"href":"https:\/\/dgospel.com.br\/portal\/index.php\/wp-json\/wp\/v2\/categories?post=6908"},{"taxonomy":"post_tag","embeddable":true,"href":"https:\/\/dgospel.com.br\/portal\/index.php\/wp-json\/wp\/v2\/tags?post=6908"}],"curies":[{"name":"wp","href":"https:\/\/api.w.org\/{rel}","templated":true}]}}