{"id":6918,"date":"2020-11-12T10:38:55","date_gmt":"2020-11-12T13:38:55","guid":{"rendered":"http:\/\/dgospel.com.br\/portal\/?p=6918"},"modified":"2020-11-12T10:43:11","modified_gmt":"2020-11-12T13:43:11","slug":"eli-borges-reafirma-que-vai-abrir-concorrencia-no-transporte-coletivo-depalmas-reduzir-tarifa-e-melhorar-servico","status":"publish","type":"post","link":"https:\/\/dgospel.com.br\/portal\/index.php\/2020\/11\/12\/eli-borges-reafirma-que-vai-abrir-concorrencia-no-transporte-coletivo-depalmas-reduzir-tarifa-e-melhorar-servico\/","title":{"rendered":"Eli Borges reafirma que vai abrir concorr\u00eancia no transporte coletivo de Palmas, reduzir tarifa e melhorar servi\u00e7o"},"content":{"rendered":"\n<p>Falando para uma plateia com cerca de 600 pessoas na noite desta quarta-feira, dia 11, o candidato a prefeito de Palmas da coliga\u00e7\u00e3o \u201cUm Novo Tempo! Valorizando a Honestidade, a Fam\u00edlia, Governando com Deus e o Povo\u201d, Eli Borges (SD) reafirmou um dos seus principais compromissos de campanha: vai abrir concorr\u00eancia no transporte p\u00fablico de Palmas, a partir de 2022 que \u00e9 quando vence a concess\u00e3o dada a empresa Expresso Miracema. Eli Borges estava acompanhado da esposa Maria e do candidato a vice-prefeito, Joseph Madeira (PTB).<\/p>\n\n\n\n<p>\u201cSabe por que vence em 2022?\u201d, questionou. \u201c\u00c9 porque quando votaram estendendo a concess\u00e3o, havia na C\u00e2mara Municipal um vereador chamado Eli Borges que n\u00e3o aceitou a prorroga\u00e7\u00e3o do prazo por 40 anos, porque a proposta era estender at\u00e9 2042\u201d, lembrou Eli Borges. \u201cEu n\u00e3o aceitei, peitei de frente, reduzimos 20 anos, eu queria que reduzisse mais, mas chegou um momento que fui voto vencido\u201d, lamentou. \u201cFicou para vencer em 2022, bem no tempo que serei prefeito de Palmas e vou abrir concorr\u00eancia para melhorar nosso transporte p\u00fablico\u201d, declarou, sendo muito aplaudido pela multid\u00e3o.<\/p>\n\n\n\n<p><strong>*Contrato*<\/strong><\/p>\n\n\n\n<p>Desde que Palmas foi criada nunca houve licita\u00e7\u00e3o no transporte p\u00fablico. O que existe \u00e9 um contrato baseado na Lei Municipal n\u00b0 914\/00. A primeira concess\u00e3o foi dada \u00e0 empresa Expresso Miracema em 1992 por um per\u00edodo de 10 anos. Em 2002, houve prorroga\u00e7\u00e3o do prazo por mais 20 anos.<\/p>\n\n\n\n<p><strong>*Coragem*<\/strong><\/p>\n\n\n\n<p>Eli Borges afirmou que como prefeito da Capital ter\u00e1 ter pulso firme e coragem para enfrentar um problema como esse do transporte coletivo. \u201cPalmas, \u00e9 a \u00fanica capital do Brasil onde uma \u00fanica empresa faz transporte p\u00fablico, n\u00f3s vamos abrir licita\u00e7\u00e3o\u201d, afirmou.<\/p>\n\n\n\n<p>Segundo estima, a concorr\u00eancia vai derrubar o pre\u00e7o da tarifa e favorecer a melhoria do servi\u00e7o prestado. \u201cVamos reduzir o pre\u00e7o da tarifa, \u00e9 um absurdo o trabalhador que ganha um sal\u00e1rio m\u00ednimo gastar em torno de R$ 330,00 com transporte p\u00fablico\u201d, lamentou.<\/p>\n\n\n\n<p>\u201cTeremos a firmeza necess\u00e1ria para enfrentar esse problema como teremos a mesma firmeza para enfrentar a BRK Ambiental. S\u00e3o setores que t\u00eam concess\u00e3o da Prefeitura, mas que os gestores que passaram n\u00e3o tiveram uma postura firme de gest\u00e3o e Eli Borges que sempre teve coragem, ter\u00e1 a firmeza para enfrentar\u201d, garantiu.<\/p>\n\n\n\n<p><strong>*BRK*<\/strong><\/p>\n\n\n\n<p>Tamb\u00e9m na mira da futura gest\u00e3o de Eli Borges, a BRK Ambiental ter\u00e1 que se adequar. \u201cEst\u00e1 errado esse esgoto no residencial Bertaville com os moradores convivendo com o mau cheiro, precisa ter coragem pra enfrentar isso e vou enfrentar a BRK de frente\u201d, assegurou.<\/p>\n\n\n\n<p>\u201cA BRK vai ter que se enquadrar e baixar a taxa de esgoto\u201d, declarou. A proposta de Eli Borges \u00e9 que a taxa de esgoto caia de 80% para 40%.<\/p>\n","protected":false},"excerpt":{"rendered":"<p>Falando para uma plateia com cerca de 600 pessoas na noite desta quarta-feira, dia 11, o candidato a prefeito de Palmas da coliga\u00e7\u00e3o \u201cUm Novo Tempo! Valorizando a Honestidade, a Fam\u00edlia, Governando com Deus e o Povo\u201d, Eli Borges (SD) reafirmou um dos seus principais compromissos de campanha: vai abrir concorr\u00eancia no transporte p\u00fablico de [&hellip;]<\/p>\n","protected":false},"author":2,"featured_media":6919,"comment_status":"open","ping_status":"open","sticky":false,"template":"","format":"standard","meta":[],"categories":[4],"tags":[13],"_links":{"self":[{"href":"https:\/\/dgospel.com.br\/portal\/index.php\/wp-json\/wp\/v2\/posts\/6918"}],"collection":[{"href":"https:\/\/dgospel.com.br\/portal\/index.php\/wp-json\/wp\/v2\/posts"}],"about":[{"href":"https:\/\/dgospel.com.br\/portal\/index.php\/wp-json\/wp\/v2\/types\/post"}],"author":[{"embeddable":true,"href":"https:\/\/dgospel.com.br\/portal\/index.php\/wp-json\/wp\/v2\/users\/2"}],"replies":[{"embeddable":true,"href":"https:\/\/dgospel.com.br\/portal\/index.php\/wp-json\/wp\/v2\/comments?post=6918"}],"version-history":[{"count":2,"href":"https:\/\/dgospel.com.br\/portal\/index.php\/wp-json\/wp\/v2\/posts\/6918\/revisions"}],"predecessor-version":[{"id":6921,"href":"https:\/\/dgospel.com.br\/portal\/index.php\/wp-json\/wp\/v2\/posts\/6918\/revisions\/6921"}],"wp:featuredmedia":[{"embeddable":true,"href":"https:\/\/dgospel.com.br\/portal\/index.php\/wp-json\/wp\/v2\/media\/6919"}],"wp:attachment":[{"href":"https:\/\/dgospel.com.br\/portal\/index.php\/wp-json\/wp\/v2\/media?parent=6918"}],"wp:term":[{"taxonomy":"category","embeddable":true,"href":"https:\/\/dgospel.com.br\/portal\/index.php\/wp-json\/wp\/v2\/categories?post=6918"},{"taxonomy":"post_tag","embeddable":true,"href":"https:\/\/dgospel.com.br\/portal\/index.php\/wp-json\/wp\/v2\/tags?post=6918"}],"curies":[{"name":"wp","href":"https:\/\/api.w.org\/{rel}","templated":true}]}}