{"id":6922,"date":"2020-11-12T15:24:53","date_gmt":"2020-11-12T18:24:53","guid":{"rendered":"http:\/\/dgospel.com.br\/portal\/?p=6922"},"modified":"2020-11-12T15:24:55","modified_gmt":"2020-11-12T18:24:55","slug":"deputados-protocolam-pl-contra-uso-de-genero-neutro-em-escolas","status":"publish","type":"post","link":"https:\/\/dgospel.com.br\/portal\/index.php\/2020\/11\/12\/deputados-protocolam-pl-contra-uso-de-genero-neutro-em-escolas\/","title":{"rendered":"Deputados protocolam PL contra uso de g\u00eanero neutro em escolas"},"content":{"rendered":"\n<p> Os deputados estaduais Anderson Moraes e M\u00e1rcio Gualberto, ambos do Partido Social Liberal (PSL), protocolaram um projeto de lei (PL) na Assembleia Legislativa do Rio de Janeiro (Alerj) com o objetivo de evitar a utiliza\u00e7\u00e3o do chamado \u201cg\u00eanero neutro\u201d no ensino da L\u00edngua Portuguesa. A medida foi tomada ap\u00f3s uma escola da capital carioca declarar que adotaria tal estrat\u00e9gia. <\/p>\n\n\n\n<p> A proposta, que \u00e9 intitulada como \u201cmedidas protetivas ao direito dos estudantes do estado do Rio de Janeiro ao aprendizado da L\u00edngua Portuguesa, de acordo com as normas cultas e orienta\u00e7\u00f5es legais de ensino\u201d, surgiu ap\u00f3s uma circular do Col\u00e9gio Franco-Brasileiro avisar aos pais que a institui\u00e7\u00e3o passaria a usar \u201cestrat\u00e9gias gramaticais de neutraliza\u00e7\u00e3o de g\u00eanero nos espa\u00e7os formais e informais da institui\u00e7\u00e3o\u201d com o objetivo de promover o \u201crespeito \u00e0 diversidade e da valoriza\u00e7\u00e3o das diferen\u00e7as\u201d. <\/p>\n\n\n\n<p>Ao contr\u00e1rio da escola, os parlamentares discordaram do uso da estrat\u00e9gia e afirmaram, no projeto de lei, que o uso do g\u00eanero neutro \u201cn\u00e3o traz nenhum benef\u00edcio aos alunos e dilapida o patrim\u00f4nio gramatical\u201d. Al\u00e9m disso, os deputados argumentaram que foram os pr\u00f3prios pais dos alunos matriculados no local que recorreram a eles, para que a ado\u00e7\u00e3o da medida fosse revogada.<\/p>\n\n\n\n<p>No texto, a PL estabelece que \u201cfica expressamente proibida a denominada \u2018linguagem neutra\u2019 na grade curricular e no material did\u00e1tico de institui\u00e7\u00f5es de ensino p\u00fablicas ou privadas, assim como em editais de concursos p\u00fablicos\u201d.<\/p>\n\n\n\n<p>Como puni\u00e7\u00e3o, a regra afirma que \u201ca viola\u00e7\u00e3o do direito do estudante estabelecido acarretar\u00e1 san\u00e7\u00f5es \u00e0s institui\u00e7\u00f5es de ensino privadas e aos profissionais de educa\u00e7\u00e3o que concorrerem em ministrar conte\u00fados adversos aos estudantes, prejudicando direta ou indiretamente seu aprendizado \u00e0 l\u00edngua portuguesa culta\u201d.<\/p>\n","protected":false},"excerpt":{"rendered":"<p>Os deputados estaduais Anderson Moraes e M\u00e1rcio Gualberto, ambos do Partido Social Liberal (PSL), protocolaram um projeto de lei (PL) na Assembleia Legislativa do Rio de Janeiro (Alerj) com o objetivo de evitar a utiliza\u00e7\u00e3o do chamado \u201cg\u00eanero neutro\u201d no ensino da L\u00edngua Portuguesa. A medida foi tomada ap\u00f3s uma escola da capital carioca declarar [&hellip;]<\/p>\n","protected":false},"author":2,"featured_media":6923,"comment_status":"open","ping_status":"open","sticky":false,"template":"","format":"standard","meta":[],"categories":[4],"tags":[14],"_links":{"self":[{"href":"https:\/\/dgospel.com.br\/portal\/index.php\/wp-json\/wp\/v2\/posts\/6922"}],"collection":[{"href":"https:\/\/dgospel.com.br\/portal\/index.php\/wp-json\/wp\/v2\/posts"}],"about":[{"href":"https:\/\/dgospel.com.br\/portal\/index.php\/wp-json\/wp\/v2\/types\/post"}],"author":[{"embeddable":true,"href":"https:\/\/dgospel.com.br\/portal\/index.php\/wp-json\/wp\/v2\/users\/2"}],"replies":[{"embeddable":true,"href":"https:\/\/dgospel.com.br\/portal\/index.php\/wp-json\/wp\/v2\/comments?post=6922"}],"version-history":[{"count":1,"href":"https:\/\/dgospel.com.br\/portal\/index.php\/wp-json\/wp\/v2\/posts\/6922\/revisions"}],"predecessor-version":[{"id":6924,"href":"https:\/\/dgospel.com.br\/portal\/index.php\/wp-json\/wp\/v2\/posts\/6922\/revisions\/6924"}],"wp:featuredmedia":[{"embeddable":true,"href":"https:\/\/dgospel.com.br\/portal\/index.php\/wp-json\/wp\/v2\/media\/6923"}],"wp:attachment":[{"href":"https:\/\/dgospel.com.br\/portal\/index.php\/wp-json\/wp\/v2\/media?parent=6922"}],"wp:term":[{"taxonomy":"category","embeddable":true,"href":"https:\/\/dgospel.com.br\/portal\/index.php\/wp-json\/wp\/v2\/categories?post=6922"},{"taxonomy":"post_tag","embeddable":true,"href":"https:\/\/dgospel.com.br\/portal\/index.php\/wp-json\/wp\/v2\/tags?post=6922"}],"curies":[{"name":"wp","href":"https:\/\/api.w.org\/{rel}","templated":true}]}}