{"id":6925,"date":"2020-11-12T15:42:10","date_gmt":"2020-11-12T18:42:10","guid":{"rendered":"http:\/\/dgospel.com.br\/portal\/?p=6925"},"modified":"2020-11-12T15:42:15","modified_gmt":"2020-11-12T18:42:15","slug":"pastor-e-detido-por-realizar-culto-ao-ar-livre-em-coroata-ma","status":"publish","type":"post","link":"https:\/\/dgospel.com.br\/portal\/index.php\/2020\/11\/12\/pastor-e-detido-por-realizar-culto-ao-ar-livre-em-coroata-ma\/","title":{"rendered":"Pastor \u00e9 detido por realizar culto ao ar livre em Coroat\u00e1 &#8211; MA"},"content":{"rendered":"\n<p>Pastor&nbsp;Natanael Diogo, da Assembleia de Deus em Coroat\u00e1, cidade do interior do Maranh\u00e3o, foi levado para a delegacia na noite desta ter\u00e7a-feira (10) ap\u00f3s uma ju\u00edza local reclamar do som produzido pelo culto promovido pela igreja em uma das ruas da cidade. Al\u00e9m do l\u00edder religioso, uma irm\u00e3 que participava do culto tamb\u00e9m foi levada pela pol\u00edcia.<\/p>\n\n\n\n<p>O fato teria acontecido por volta das 19h, quando fi\u00e9is se reuniam em um culto ao ar livre, em um local pr\u00f3ximo da casa da magistrada Anelise Nogueira Reginato, diretora do F\u00f3rum da Comarca de Coroat\u00e1. Segundo o pastor Diogo, a magistrada pediu que o volume do som fosse reduzido, o que foi atendido pela igreja, mas ela teria retornado ao achar que o volume do som teria sido alterado novamente.<\/p>\n\n\n\n<p>&#8220;Eu sa\u00ed, mandei o sonoplasta abaixar o som, quando de repente ela entendeu que n\u00f3s abaixamos o som e voltamos a aumentar novamente. Imediatamente chegaram os policiais&#8221;, relatou o pastor ao&nbsp;<em>portal ADNews.<\/em><\/p>\n\n\n\n<p>De acordo com Adailton J\u00fanior, um dos membros da igreja, o pastor foi conduzido para a delegacia ainda na noite de ter\u00e7a e liberado uma hora e meia depois por falta de um delegado no local. Na manh\u00e3 desta quarta-feira (11), o l\u00edder religioso teria voltado \u00e0 delegacia para esclarecer o fato. Tamb\u00e9m nesta quarta, uma manifesta\u00e7\u00e3o foi realizada na cidade questionando a atitude da magistrada, que teria praticado \u201cintoler\u00e2ncia religiosa\u201d na opini\u00e3o dos membros da igreja.<\/p>\n\n\n\n<p> O pastor presidente da\u00a0<em>Conven\u00e7\u00e3o das Assembleias de Deus do Estado do Maranh\u00e3o (CEADEMA),<\/em>\u00a0Pedro Aldir Damasceno, enviou nesta manh\u00e3 um advogado para acompanhar o caso. A senadora Eliziane Gama (Cidadania-MA) tamb\u00e9m se posicionou sobre o caso e declarou que apresentar\u00e1 reclama\u00e7\u00e3o no\u00a0<em>Conselho Nacional de Justi\u00e7a (CNJ) p<\/em>ara apurar a conduta da magistrada, e pedir\u00e1 o afastamento da ju\u00edza.\u00a0 <\/p>\n\n\n\n<p><\/p>\n\n\n\n<figure class=\"wp-block-image\"><img loading=\"lazy\" width=\"720\" height=\"720\" src=\"http:\/\/dgospel.com.br\/portal\/wp-content\/uploads\/2020\/11\/0000-1.jpg\" alt=\"\" class=\"wp-image-6926\" srcset=\"https:\/\/dgospel.com.br\/portal\/wp-content\/uploads\/2020\/11\/0000-1.jpg 720w, https:\/\/dgospel.com.br\/portal\/wp-content\/uploads\/2020\/11\/0000-1-150x150.jpg 150w, https:\/\/dgospel.com.br\/portal\/wp-content\/uploads\/2020\/11\/0000-1-300x300.jpg 300w\" sizes=\"(max-width: 720px) 100vw, 720px\" \/><figcaption><br><br><\/figcaption><\/figure>\n\n\n\n<figure class=\"wp-block-image\"><img src=\"http:\/\/arquivos.editoracpad.com.br\/uploads\/2020\/11\/11\/senadora.jpg\" alt=\"\"\/><\/figure>\n\n\n\n<p>Conforme informa\u00e7\u00f5es do portal&nbsp;<em>Pleno News,<\/em>&nbsp;a Pol\u00edcia Civil do Maranh\u00e3o confirmou que a condu\u00e7\u00e3o foi realizada pela Pol\u00edcia Militar ap\u00f3s uma ordem da Ju\u00edza. Al\u00e9m disso, foi lavrado um Termo Circunstanciado de Ocorr\u00eancia, registro usado em situa\u00e7\u00f5es de baixo potencial ofensivo. Segundo a pol\u00edcia, o pastor n\u00e3o deve responder criminalmente.<\/p>\n\n\n\n<p>O l\u00edder da Igreja Evang\u00e9lica em Bacabal &#8211; Ma, pastor Francisco Soares Raposo Filho, emitiu nota de rep\u00fadio ao ato de intoler\u00e2ncia religiosa:<\/p>\n\n\n\n<p><strong>Fonte: Pleno News\/ Com informa\u00e7\u00f5es do portal ADNews<\/strong><\/p>\n\n\n\n<p><\/p>\n","protected":false},"excerpt":{"rendered":"<p>Pastor&nbsp;Natanael Diogo, da Assembleia de Deus em Coroat\u00e1, cidade do interior do Maranh\u00e3o, foi levado para a delegacia na noite desta ter\u00e7a-feira (10) ap\u00f3s uma ju\u00edza local reclamar do som produzido pelo culto promovido pela igreja em uma das ruas da cidade. Al\u00e9m do l\u00edder religioso, uma irm\u00e3 que participava do culto tamb\u00e9m foi levada [&hellip;]<\/p>\n","protected":false},"author":2,"featured_media":6927,"comment_status":"open","ping_status":"open","sticky":false,"template":"","format":"standard","meta":[],"categories":[5],"tags":[13],"_links":{"self":[{"href":"https:\/\/dgospel.com.br\/portal\/index.php\/wp-json\/wp\/v2\/posts\/6925"}],"collection":[{"href":"https:\/\/dgospel.com.br\/portal\/index.php\/wp-json\/wp\/v2\/posts"}],"about":[{"href":"https:\/\/dgospel.com.br\/portal\/index.php\/wp-json\/wp\/v2\/types\/post"}],"author":[{"embeddable":true,"href":"https:\/\/dgospel.com.br\/portal\/index.php\/wp-json\/wp\/v2\/users\/2"}],"replies":[{"embeddable":true,"href":"https:\/\/dgospel.com.br\/portal\/index.php\/wp-json\/wp\/v2\/comments?post=6925"}],"version-history":[{"count":1,"href":"https:\/\/dgospel.com.br\/portal\/index.php\/wp-json\/wp\/v2\/posts\/6925\/revisions"}],"predecessor-version":[{"id":6928,"href":"https:\/\/dgospel.com.br\/portal\/index.php\/wp-json\/wp\/v2\/posts\/6925\/revisions\/6928"}],"wp:featuredmedia":[{"embeddable":true,"href":"https:\/\/dgospel.com.br\/portal\/index.php\/wp-json\/wp\/v2\/media\/6927"}],"wp:attachment":[{"href":"https:\/\/dgospel.com.br\/portal\/index.php\/wp-json\/wp\/v2\/media?parent=6925"}],"wp:term":[{"taxonomy":"category","embeddable":true,"href":"https:\/\/dgospel.com.br\/portal\/index.php\/wp-json\/wp\/v2\/categories?post=6925"},{"taxonomy":"post_tag","embeddable":true,"href":"https:\/\/dgospel.com.br\/portal\/index.php\/wp-json\/wp\/v2\/tags?post=6925"}],"curies":[{"name":"wp","href":"https:\/\/api.w.org\/{rel}","templated":true}]}}