{"id":6936,"date":"2020-11-13T14:27:43","date_gmt":"2020-11-13T17:27:43","guid":{"rendered":"http:\/\/dgospel.com.br\/portal\/?p=6936"},"modified":"2020-11-13T14:27:45","modified_gmt":"2020-11-13T17:27:45","slug":"eli-borges-encerra-campanha-com-grande-reuniao-em-taquaralto-vamos-vencer-as-eleicoes","status":"publish","type":"post","link":"https:\/\/dgospel.com.br\/portal\/index.php\/2020\/11\/13\/eli-borges-encerra-campanha-com-grande-reuniao-em-taquaralto-vamos-vencer-as-eleicoes\/","title":{"rendered":"Eli Borges encerra campanha com grande reuni\u00e3o em Taquaralto: \u201cVamos vencer as elei\u00e7\u00f5es"},"content":{"rendered":"\n<p>Um grande p\u00fablico compareceu \u00e0 \u00faltima grande reuni\u00e3o do candidato a prefeito de Palmas da coliga\u00e7\u00e3o \u201cUm Novo Tempo! Valorizando a Honestidade, a Fam\u00edlia, Governando com Deus e o Povo\u201d, Eli Borges (SD), na noite desta quinta-feira, dia 12, em Taquaralto. Eli Borges chegou ao local acompanhado do candidato a vice-prefeito, Joseph Madeira (PTB). Ao falar para a multid\u00e3o mostrou convic\u00e7\u00e3o e confian\u00e7a. \u201cEu n\u00e3o tenho d\u00favidas de que no domingo, nesse hor\u00e1rio, j\u00e1 estaremos pensando na equipe de transi\u00e7\u00e3o porque a convic\u00e7\u00e3o da vit\u00f3ria \u00e9 muito forte\u201d, afirmou.<\/p>\n\n\n\n<p>Segundo ele, a confian\u00e7a vem das ruas e das pesquisas internas. \u201cEu n\u00e3o estou falando de pesquisas que custaram R$ 500 mil, ou de pesquisas que custaram R$ 80 mil, estou falando de pesquisas que de fato trazem \u00e0 tona esse momento de mudan\u00e7a que estamos vivendo\u201d, declarou. \u201cNa nossa pesquisa verdadeira eu estou liderando\u201d, assegurou, sendo muito aplaudido. \u201cComo deputado federal eu tive 14% dos votos dos palmenses com 82 concorrentes, agora com 12 concorrentes \u00e9 natural que eu tenha por volta de 30% dos votos, o que garante nossa vit\u00f3ria dia 15 de novembro\u201d, avaliou.<\/p>\n\n\n\n<p>Eli Borges alertou a popula\u00e7\u00e3o para n\u00e3o cair no \u00faltimo golpe da pesquisa, prevista para estes \u00faltimos dias de campanha, lembrando que nas elei\u00e7\u00f5es de 2012 e 2018 esse famoso instituto de pesquisa falhou em todas as previs\u00f5es feitas, com diferen\u00e7as absurdas do que realmente as urnas mostraram. \u201c\u00c9 uma vergonha, na \u00faltima elei\u00e7\u00e3o quem vencia na pesquisa desse instituto com 10% na frente era uma candidata que \u00e9 senadora, mas quem venceu com 10% na frente foi o atual Governador\u201d, lembrou Eli Borges. \u201cNa campanha de 2012 uma candidata ao Senado aparecia com 20% na frente quando saiu o resultado a diferen\u00e7a era de menos de 1%\u201d, apontou. \u201cN\u00e3o tenho d\u00favidas da nossa vit\u00f3ria\u201d, refor\u00e7ou, sob aplausos da multid\u00e3o.<\/p>\n\n\n\n<p>O candidato a vice-prefeito Joseph Madeira falou de esperan\u00e7a e oportunidade ao destacar as caracter\u00edsticas de Eli Borges para exercer o cargo de prefeito. \u201cEli Borges far\u00e1 uma gest\u00e3o focada no ser humano, nos valores da fam\u00edlia, nos interesses e sonhos da comunidade, votem com consci\u00eancia para eleger um homem que tem compromisso com essa cidade, Eli Borges 77\u201d, pediu o empres\u00e1rio.<\/p>\n\n\n\n<p>O presidente Metropolitano do PTB da Capital, Ricardo Abal\u00e9m, tamb\u00e9m estava no palanque hipotecando apoio a Eli Borges. Ele pontuou o not\u00f3rio desejo da popula\u00e7\u00e3o por mudan\u00e7a. \u201cMais de 75% da popula\u00e7\u00e3o est\u00e3o dizendo n\u00e3o \u00e0 atual gest\u00e3o, pena que est\u00e3o divididos, mas para transformar Palmas Eli Borges \u00e9 o \u00fanico que n\u00f3s acreditamos\u201d, ressaltou. \u201cChega de eleger um candidato para o outro administrar, chega de Palmas ser administrada por terceiros, isso n\u00e3o pode acontecer mais, vamos eleger quem vai cumprir o mandato de prefeito e esse homem \u00e9 Eli Borges 77\u201d, discursou Abal\u00e9m.<\/p>\n\n\n\n<p><strong>*Obras*<\/strong><\/p>\n\n\n\n<p>Em seu discurso, Eli Borges garantiu que terminar\u00e1 todas as obras iniciadas pela atual gest\u00e3o, at\u00e9 porque s\u00e3o obras financiadas. \u201cSe \u00e9 fruto de financiamento qualquer prefeito que exercer o mandato ter\u00e1 o dever de concluir\u201d, observou. \u201cFazer obras com dinheiro de financiamento \u00e9 f\u00e1cil, eu desafio \u00e9 fazer obras com o or\u00e7amento do munic\u00edpio de R$ 1, 5 bilh\u00e3o\u201d, alfinetou. \u201cAgora eu garanto que no meu governo, com o or\u00e7amento e com os recursos que vou buscar em Bras\u00edlia, haver\u00e1 obras durante os 4 anos, e n\u00e3o apenas em per\u00edodo eleitoral\u201d, continuou.<\/p>\n\n\n\n<p>\u201cAo terminar meu mandato n\u00e3o quero ver um canto dessa cidade sem asfalto, mas \u00e9 asfalto usinado, n\u00e3o asfalto casca de ovo. N\u00e3o quero ver um canto dessa cidade que n\u00e3o tenha uma pra\u00e7a bonita, com \u00e1rvores e grama para diminuir o calor. As pessoas n\u00e3o ir\u00e3o mais sofrer com a poeira ou com lama na \u00e9poca da chuva\u201d, destacou.<\/p>\n\n\n\n<p><strong>*Asfalto*<\/strong><\/p>\n\n\n\n<p>Eli Borges refor\u00e7ou que no seu governo todas as quadras de Palmas receber\u00e3o asfalto. \u201cMas \u00e9 asfalto de qualidade, chega de asfalto casca de ovo, chegou a hora de ter asfalto usinado. Palmas \u00e9 a capital do Tocantins e merece obras de qualidade n\u00e3o esse asfalto que quando a chuva vem vira buraco\u201d, criticou.<\/p>\n\n\n\n<p><strong>*Sa\u00fade*<\/strong><\/p>\n\n\n\n<p>O candidato garantiu a constru\u00e7\u00e3o do Hospital Municipal na regi\u00e3o sul, a constru\u00e7\u00e3o de uma UPA em Taquaru\u00e7u e uma unidade do Samu para atender a regi\u00e3o sul. Outro compromisso de Eli Borges para a sa\u00fade \u00e9 agilidade na libera\u00e7\u00e3o de exames para toda a popula\u00e7\u00e3o. \u201c\u00c9 compromisso feito\u201d, afirmou.<\/p>\n\n\n\n<p><strong>*Avenida Tocantins*<\/strong><\/p>\n\n\n\n<p>Eli Borges afirmou que tem compromisso com os empres\u00e1rios de Taquaralto de devolver a antiga Avenida Tocantins. \u201cVoltar\u00e1 a ser como antes e com mais investimentos, porque a administra\u00e7\u00e3o Eli Borges ser\u00e1 feita com di\u00e1logo e respeito aos empreendedores que geram emprego e renda\u201d, garantiu. \u201cN\u00e3o tenho medo de prometer o que vou cumprir\u201d, assegurou.<\/p>\n\n\n\n<p><strong>*Feira*<\/strong><\/p>\n\n\n\n<p>O candidato anunciou tamb\u00e9m uma feira para a regi\u00e3o sul. \u201c\u00c9 um pedido aqui da regi\u00e3o que vamos atender, porque voc\u00eas merecem\u201d, comprometeu-se.<\/p>\n\n\n\n<p><strong>*Empregos*<\/strong><\/p>\n\n\n\n<p>Eli Borges disse que vai retomar a economia, com investimentos em habita\u00e7\u00e3o, promovendo a constru\u00e7\u00e3o civil, no campo para incentivar a produ\u00e7\u00e3o, e um megainvestimento no turismo, a\u00e7\u00f5es que v\u00e3o gerar milhares de empregos. \u201cEsse lago bonito cheio de tocos e vegeta\u00e7\u00e3o submersa, ter\u00e1 uma orla ampliada e vai ter programa\u00e7\u00e3o n\u00e3o apenas em temporada, mas durante 365 dias por ano e os turistas vir\u00e3o pr\u00e1 c\u00e1\u201d, discursou.<\/p>\n\n\n\n<p>\u201cVou investir pesado em Taquaru\u00e7u que vai virar um polo tur\u00edstico, essa serra com trilhas e pinturas rupestres e com mais de 80 cachoeiras vai receber turistas de todo o Brasil\u201d, previu. \u201cTeremos programa\u00e7\u00e3o esportiva o ano inteiro, s\u00e3o 48 eventos ao longo do ano, toda semana\u201d, explicou.<\/p>\n\n\n\n<p>\u201cChega desse tempo de uma cidade meramente administrativa, Palmas \u00e9 tamb\u00e9m uma cidade empreendedora e vamos trazer ind\u00fastrias, oferecer oportunidades aos jovens, n\u00e3o s\u00f3 com o programa Primeiro Emprego, mas com cursinhos preparat\u00f3rios\u201d, afirmou.<\/p>\n\n\n\n<p><strong>*Tempo de Mudan\u00e7a*<\/strong><\/p>\n\n\n\n<p>Eli Borges encerrou o seu discurso agradecendo a todos que caminharam com ele e acreditaram em suas propostas, nesta campanha, e falou de um novo tempo para Palmas. \u201c\u00c9 um tempo de mudan\u00e7a, chegou a hora de retomarmos essa Prefeitura\u201d, declarou. \u201cVamos implantar o maior projeto de gera\u00e7\u00e3o de empregos, o maior projeto de sa\u00fade, o maior projeto de educa\u00e7\u00e3o, n\u00f3s vamos mudar a hist\u00f3ria dessa capital\u201d, finalizou.&nbsp;&#8212;\n\n<\/p>\n","protected":false},"excerpt":{"rendered":"<p>Um grande p\u00fablico compareceu \u00e0 \u00faltima grande reuni\u00e3o do candidato a prefeito de Palmas da coliga\u00e7\u00e3o \u201cUm Novo Tempo! Valorizando a Honestidade, a Fam\u00edlia, Governando com Deus e o Povo\u201d, Eli Borges (SD), na noite desta quinta-feira, dia 12, em Taquaralto. Eli Borges chegou ao local acompanhado do candidato a vice-prefeito, Joseph Madeira (PTB). Ao [&hellip;]<\/p>\n","protected":false},"author":2,"featured_media":6937,"comment_status":"open","ping_status":"open","sticky":false,"template":"","format":"standard","meta":[],"categories":[4],"tags":[13],"_links":{"self":[{"href":"https:\/\/dgospel.com.br\/portal\/index.php\/wp-json\/wp\/v2\/posts\/6936"}],"collection":[{"href":"https:\/\/dgospel.com.br\/portal\/index.php\/wp-json\/wp\/v2\/posts"}],"about":[{"href":"https:\/\/dgospel.com.br\/portal\/index.php\/wp-json\/wp\/v2\/types\/post"}],"author":[{"embeddable":true,"href":"https:\/\/dgospel.com.br\/portal\/index.php\/wp-json\/wp\/v2\/users\/2"}],"replies":[{"embeddable":true,"href":"https:\/\/dgospel.com.br\/portal\/index.php\/wp-json\/wp\/v2\/comments?post=6936"}],"version-history":[{"count":1,"href":"https:\/\/dgospel.com.br\/portal\/index.php\/wp-json\/wp\/v2\/posts\/6936\/revisions"}],"predecessor-version":[{"id":6938,"href":"https:\/\/dgospel.com.br\/portal\/index.php\/wp-json\/wp\/v2\/posts\/6936\/revisions\/6938"}],"wp:featuredmedia":[{"embeddable":true,"href":"https:\/\/dgospel.com.br\/portal\/index.php\/wp-json\/wp\/v2\/media\/6937"}],"wp:attachment":[{"href":"https:\/\/dgospel.com.br\/portal\/index.php\/wp-json\/wp\/v2\/media?parent=6936"}],"wp:term":[{"taxonomy":"category","embeddable":true,"href":"https:\/\/dgospel.com.br\/portal\/index.php\/wp-json\/wp\/v2\/categories?post=6936"},{"taxonomy":"post_tag","embeddable":true,"href":"https:\/\/dgospel.com.br\/portal\/index.php\/wp-json\/wp\/v2\/tags?post=6936"}],"curies":[{"name":"wp","href":"https:\/\/api.w.org\/{rel}","templated":true}]}}