{"id":694,"date":"2018-07-04T00:44:04","date_gmt":"2018-07-04T03:44:04","guid":{"rendered":"http:\/\/dgospel.com.br\/portal\/?p=694"},"modified":"2018-07-04T00:44:04","modified_gmt":"2018-07-04T03:44:04","slug":"pre-candidatura-ao-governo-do-estado-de-marlon-reis-recebe-apoio-de-professor-junior-geo","status":"publish","type":"post","link":"https:\/\/dgospel.com.br\/portal\/index.php\/2018\/07\/04\/pre-candidatura-ao-governo-do-estado-de-marlon-reis-recebe-apoio-de-professor-junior-geo\/","title":{"rendered":"Pr\u00e9-candidatura ao Governo do Estado de M\u00e1rlon Reis recebe apoio de professor J\u00fanior Geo"},"content":{"rendered":"<p class=\"yiv5068542703MsoNormal\">A pr\u00e9-candidatura ao Governo do Tocantins do ex-juiz e criador da Lei da Ficha Limpa, M\u00e1rlon Reis (Rede Sustentabilidade), recebeu um importante apoio na manh\u00e3 desta ter\u00e7a-feira (3). O vereador de Palmas e pr\u00e9-candidato a deputado estadual, professor J\u00fanior Geo (PROS), confirmou que apoiar\u00e1 o nome M\u00e1rlon Reis ao Governo do Estado na elei\u00e7\u00e3o de outubro.<\/p>\n<p class=\"yiv5068542703MsoNormal\">\n<p class=\"yiv5068542703MsoNormal\">\u201cO professor J\u00fanior Geo traz uma densidade muito grande, n\u00e3o apenas pol\u00edtico-eleitoral, mas tamb\u00e9m do ponto de vista da \u00e9tica, pela moralidade como ele se comporta e da maneira independente com que exerce seu mandato. E \u00e9 justamente com pessoas como ele que a gente quer construir uma alian\u00e7a, porque \u00e9 essa imagem que a gente quer e tem para a nossa campanha. Considero extremamente proveitosa essa alian\u00e7a, que constitui uma unidade de quem realmente quer transformar o Tocantins, n\u00e3o apenas da boca para fora, mas com gestos concretos, colocando sua vida a servi\u00e7o da mudan\u00e7a. Por isso estou muito honrado e muito agradecido por esse apoio\u201d, afirmou M\u00e1rlon Reis.<\/p>\n<p class=\"yiv5068542703MsoNormal\">\n<p class=\"yiv5068542703MsoNormal\">A identifica\u00e7\u00e3o de ideais e postura tamb\u00e9m \u00e9 destacada pelo vereador de Palmas, J\u00fanior Geo. \u201cO M\u00e1rlon Reis defende aquilo que acredito que deva existir na pol\u00edtica, que \u00e9 a boa pol\u00edtica, a pol\u00edtica decente, honesta, a pol\u00edtica de ideais. Acredito muito no seu potencial, nos seus ideais e na vontade de fazer a mudan\u00e7a que n\u00f3s cidad\u00e3os queremos para o nosso Estado\u201d, refor\u00e7ou J\u00fanior Geo que trabalha sua pr\u00e9-candidatura a deputado estadual na elei\u00e7\u00e3o de outubro.<\/p>\n<p class=\"yiv5068542703MsoNormal\">\n<p class=\"yiv5068542703MsoNormal\">A chegada de J\u00fanior Geo ao grupo d\u00e1 mais corpo a um projeto que vem ganhando for\u00e7a a cada dia. Ap\u00f3s o resultado surpreendente de M\u00e1rlon Reis no primeiro turno da elei\u00e7\u00e3o suplementar, alcan\u00e7ando vota\u00e7\u00e3o expressiva, principalmente nas grandes cidades do Estado, o projeto de mudan\u00e7a encabe\u00e7ado por M\u00e1rlon vem recebendo cada vez mais apoio da classe pol\u00edtico-partid\u00e1ria e da popula\u00e7\u00e3o. Um exemplo \u00e9 o caso do PRTB, que ap\u00f3s o resultado do primeiro turno, resolveu aderir ao projeto encabe\u00e7ado por M\u00e1rlon Reis ao Governo do Estado em outubro.<\/p>\n<p class=\"yiv5068542703MsoNormal\">\n<p class=\"yiv5068542703MsoNormal\">\u201cEstamos formando um grupo de for\u00e7as pol\u00edticas representativas que possuem o mesmo prop\u00f3sito e a mesma vontade de mudar a realidade pela qual passa o Estado. O Tocantins precisa da uni\u00e3o dessas for\u00e7as pelo bem do nosso Estado e do futuro da nossa popula\u00e7\u00e3o\u201d, apontou M\u00e1rlon Reis.<\/p>\n","protected":false},"excerpt":{"rendered":"<p>A pr\u00e9-candidatura ao Governo do Tocantins do ex-juiz e criador da Lei da Ficha Limpa, M\u00e1rlon Reis (Rede Sustentabilidade), recebeu um importante apoio na manh\u00e3 desta ter\u00e7a-feira (3). O vereador de Palmas e pr\u00e9-candidato a deputado estadual, professor J\u00fanior Geo (PROS), confirmou que apoiar\u00e1 o nome M\u00e1rlon Reis ao Governo do Estado na elei\u00e7\u00e3o de [&hellip;]<\/p>\n","protected":false},"author":2,"featured_media":695,"comment_status":"open","ping_status":"open","sticky":false,"template":"","format":"standard","meta":[],"categories":[2,4],"tags":[],"_links":{"self":[{"href":"https:\/\/dgospel.com.br\/portal\/index.php\/wp-json\/wp\/v2\/posts\/694"}],"collection":[{"href":"https:\/\/dgospel.com.br\/portal\/index.php\/wp-json\/wp\/v2\/posts"}],"about":[{"href":"https:\/\/dgospel.com.br\/portal\/index.php\/wp-json\/wp\/v2\/types\/post"}],"author":[{"embeddable":true,"href":"https:\/\/dgospel.com.br\/portal\/index.php\/wp-json\/wp\/v2\/users\/2"}],"replies":[{"embeddable":true,"href":"https:\/\/dgospel.com.br\/portal\/index.php\/wp-json\/wp\/v2\/comments?post=694"}],"version-history":[{"count":1,"href":"https:\/\/dgospel.com.br\/portal\/index.php\/wp-json\/wp\/v2\/posts\/694\/revisions"}],"predecessor-version":[{"id":696,"href":"https:\/\/dgospel.com.br\/portal\/index.php\/wp-json\/wp\/v2\/posts\/694\/revisions\/696"}],"wp:featuredmedia":[{"embeddable":true,"href":"https:\/\/dgospel.com.br\/portal\/index.php\/wp-json\/wp\/v2\/media\/695"}],"wp:attachment":[{"href":"https:\/\/dgospel.com.br\/portal\/index.php\/wp-json\/wp\/v2\/media?parent=694"}],"wp:term":[{"taxonomy":"category","embeddable":true,"href":"https:\/\/dgospel.com.br\/portal\/index.php\/wp-json\/wp\/v2\/categories?post=694"},{"taxonomy":"post_tag","embeddable":true,"href":"https:\/\/dgospel.com.br\/portal\/index.php\/wp-json\/wp\/v2\/tags?post=694"}],"curies":[{"name":"wp","href":"https:\/\/api.w.org\/{rel}","templated":true}]}}