{"id":6946,"date":"2020-11-14T00:27:19","date_gmt":"2020-11-14T03:27:19","guid":{"rendered":"http:\/\/dgospel.com.br\/portal\/?p=6946"},"modified":"2020-11-14T00:33:01","modified_gmt":"2020-11-14T03:33:01","slug":"nova-pesquisa-confirma-eli-borges-na-lideranca-na-disputa-pela-prefeitura-com-32-na-espontanea","status":"publish","type":"post","link":"https:\/\/dgospel.com.br\/portal\/index.php\/2020\/11\/14\/nova-pesquisa-confirma-eli-borges-na-lideranca-na-disputa-pela-prefeitura-com-32-na-espontanea\/","title":{"rendered":"Nova pesquisa confirma Eli Borges na lideran\u00e7a na disputa pela prefeitura de Palmas com 32%"},"content":{"rendered":"\n<p>Faltando pouco mais de um dia para os\nPalmenses escolherem o pr\u00f3ximo prefeito de Palmas&nbsp; a pesquisa da lerigou, autorizada pela\njusti\u00e7a eleitoral confirma mais uma vez Eli Borges em 1\u00ba lugar.<\/p>\n\n\n\n<p>De acordo com o levantamento na\nmodalidade espont\u00e2nea Eli Borges (SD) aparece agora com 31%&nbsp; mantendo a lideran\u00e7a, a segunda colocada \u00e9 a\natual prefeita C\u00ednthia Ribeiro (PSDB), que aparece com 25%, seguida por J\u00fanior\nGeo com 9%, Tiago Amastha Andriano(PSB) com 8%, Vanda Monteiro (PSL) com 7%,\nMarcelo Lelis (PV) com 5%, Gil Barison (Republicanos) com 1% Nessa modalidade\nMax Dornellys (PTC). Jo\u00e3o Bazoli (PSOL)&nbsp;\nDr. Joaquim Rocha (PMB), Alan Barbiero (PODE) e Vilela (PT) , n\u00e3o\npontuaram. Dos 600 eleitores consultados 9% n\u00e3o souberam responder e 5%\ndisseram que n\u00e3o votariam em nenhum dos candidatos que concorrem ao cargo de\nprefeito de Palmas em 2020.<\/p>\n\n\n\n<p>Na estimulada Eli Borges aumenta a\nvantagem em 1\u00ba lugar com 32%, seguido pela candidata tucana com 27 pontos. E os\ndemais candidatos aparecem nas seguintes posi\u00e7\u00f5es: Tiago Amastha Andrino\n(PSB)&nbsp; com 7 pontos. Vanda Monteiro (PSL)\ncom 6%J\u00fanior Geo (PROS) com 5%, Marcelo Lelis (PV) e, Gil Barison (Republicanos)empatados\ncom 3 e Alan Barbiero (PODE) e Vilela do PT empatados com 1%; Max Dornellys\n(PTC), Jo\u00e3o Bazzoli (PSOL) e Dr. Joaquim Rocha (PMB), ficando com 0%. 9% n\u00e3o\nsouberam responder e 6% disseram que n\u00e3o votariam em nenhum dos candidatos.<\/p>\n\n\n\n<p>REJEI\u00c7\u00c3O<\/p>\n\n\n\n<p>No fator rejei\u00e7\u00e3o a prefeita dispara\nnegativamente: 34% dos eleitores consultados rejeitam ou reprovam C\u00ednthia\nRibeiro, que nesse quesito \u00e9 seguida por Andrino, com 18%, Marcelo L\u00e9lis \u00e9\nrejeitado por 10%, Vilela do PT e Bazzoli do (PSOL) com 4,Vanda Monteiro,\nJoaquim Rocha (PMB), Barison(PRB) Eli Borges (SD), t\u00eam 3% de rejei\u00e7\u00e3o, e J\u00fanior\nGeo, Max Dorneles (PTC) e Alan Barbiero, somam 2% de rejei\u00e7\u00e3o cada. 4% disseram\nque n\u00e3o rejeitava nenhum dos candidatos, e 8% n\u00e3o souberam responder.<\/p>\n\n\n\n<p>LERIGOU CONSULTORIA EM TECNOLOGIA<\/p>\n\n\n\n<p>CNPJ: 12.188.752\/0001-07<\/p>\n\n\n\n<p>N\u00famero de registro:&nbsp; TO 09784\/2020;<\/p>\n\n\n\n<p>Data de registro 01\/11\/2020 <\/p>\n\n\n\n<p>T\u00e9rmino 05\/11\/2020<\/p>\n\n\n\n<p>Data de divulga\u00e7\u00e3o dia 11\/11\/2020<\/p>\n\n\n\n<p>N\u00edvel de confian\u00e7a 95%<\/p>\n\n\n\n<p>Margem de erro 4%<\/p>\n\n\n\n<p>Com 600 entrevistados.<\/p>\n\n\n\n<p><\/p>\n","protected":false},"excerpt":{"rendered":"<p>Faltando pouco mais de um dia para os Palmenses escolherem o pr\u00f3ximo prefeito de Palmas&nbsp; a pesquisa da lerigou, autorizada pela justi\u00e7a eleitoral confirma mais uma vez Eli Borges em 1\u00ba lugar. De acordo com o levantamento na modalidade espont\u00e2nea Eli Borges (SD) aparece agora com 31%&nbsp; mantendo a lideran\u00e7a, a segunda colocada \u00e9 a [&hellip;]<\/p>\n","protected":false},"author":2,"featured_media":6824,"comment_status":"open","ping_status":"open","sticky":false,"template":"","format":"standard","meta":[],"categories":[4],"tags":[13],"_links":{"self":[{"href":"https:\/\/dgospel.com.br\/portal\/index.php\/wp-json\/wp\/v2\/posts\/6946"}],"collection":[{"href":"https:\/\/dgospel.com.br\/portal\/index.php\/wp-json\/wp\/v2\/posts"}],"about":[{"href":"https:\/\/dgospel.com.br\/portal\/index.php\/wp-json\/wp\/v2\/types\/post"}],"author":[{"embeddable":true,"href":"https:\/\/dgospel.com.br\/portal\/index.php\/wp-json\/wp\/v2\/users\/2"}],"replies":[{"embeddable":true,"href":"https:\/\/dgospel.com.br\/portal\/index.php\/wp-json\/wp\/v2\/comments?post=6946"}],"version-history":[{"count":4,"href":"https:\/\/dgospel.com.br\/portal\/index.php\/wp-json\/wp\/v2\/posts\/6946\/revisions"}],"predecessor-version":[{"id":6950,"href":"https:\/\/dgospel.com.br\/portal\/index.php\/wp-json\/wp\/v2\/posts\/6946\/revisions\/6950"}],"wp:featuredmedia":[{"embeddable":true,"href":"https:\/\/dgospel.com.br\/portal\/index.php\/wp-json\/wp\/v2\/media\/6824"}],"wp:attachment":[{"href":"https:\/\/dgospel.com.br\/portal\/index.php\/wp-json\/wp\/v2\/media?parent=6946"}],"wp:term":[{"taxonomy":"category","embeddable":true,"href":"https:\/\/dgospel.com.br\/portal\/index.php\/wp-json\/wp\/v2\/categories?post=6946"},{"taxonomy":"post_tag","embeddable":true,"href":"https:\/\/dgospel.com.br\/portal\/index.php\/wp-json\/wp\/v2\/tags?post=6946"}],"curies":[{"name":"wp","href":"https:\/\/api.w.org\/{rel}","templated":true}]}}