{"id":6951,"date":"2020-11-15T14:40:35","date_gmt":"2020-11-15T17:40:35","guid":{"rendered":"http:\/\/dgospel.com.br\/portal\/?p=6951"},"modified":"2020-11-15T14:40:37","modified_gmt":"2020-11-15T17:40:37","slug":"eli-borges-vota-cedo-em-escola-do-centro-acompanhado-da-familia-e-do-candidato-a-vice-joseph-madeira-conviccao-real-de-vitoria-afirma","status":"publish","type":"post","link":"https:\/\/dgospel.com.br\/portal\/index.php\/2020\/11\/15\/eli-borges-vota-cedo-em-escola-do-centro-acompanhado-da-familia-e-do-candidato-a-vice-joseph-madeira-conviccao-real-de-vitoria-afirma\/","title":{"rendered":"Eli Borges vota cedo em escola do centro, acompanhado da fam\u00edlia e do candidato a vice, Joseph Madeira: \u201cConvic\u00e7\u00e3o real de vit\u00f3ria\u201d, afirma\u201d"},"content":{"rendered":"\n<p>O candidato a prefeito de\nPalmas pela coliga\u00e7\u00e3o \u201cUm Novo Tempo! Valorizando a Honestidade, a Fam\u00edlia,\nGovernando com Deus e o Povo\u201d, Eli Borges (SD) votou na manh\u00e3 deste domingo,\ndia 15, por volta das 8h30, no Col\u00e9gio Marista, centro de Palmas. Eli Borges chegou\nacompanhado da esposa Maria Pedroza Borges, dos filhos Thiago e Lucas e do\ncandidato a vice-prefeito, Joseph Madeira (PTB), que tamb\u00e9m estava acompanhado\nda fam\u00edlia. Eli Borges cumprimentou eleitores e se dirigiu \u00e0 se\u00e7\u00e3o de n\u00famero\n35. Ap\u00f3s apresentar a documenta\u00e7\u00e3o, higienizou as m\u00e3os com \u00e1lcool em gel,\nassinou o caderno de vota\u00e7\u00e3o e entrou na cabina de vota\u00e7\u00e3o. Demonstrando\nconfian\u00e7a saiu da cabina fazendo o V da vit\u00f3ria.<\/p>\n\n\n\n<p>Ao falar com a imprensa\ndeclarou que est\u00e1 otimista e que a expectativa \u00e9 positiva pelo resultado das\nurnas. \u201cTenho monitoramento interno e convic\u00e7\u00e3o real de vit\u00f3ria\u201d, declarou o\ncandidato. \u201c\u00c0s 17 horas quando abrir as urnas Palmas conhecer\u00e1 um novo tempo,\num prefeito que far\u00e1 uma administra\u00e7\u00e3o propositiva, voltada para atender as necessidade\nde todos os palmenses, estamos confiantes na vit\u00f3ria\u201d, reafirmou.<\/p>\n\n\n\n<p>Ao avaliar a campanha, Eli\nBorges destacou alguns pontos importantes do seu plano de governo que foram\nlevados aos eleitores. \u201cFizemos debates profundos acerca de dar mais dignidade\naos cidad\u00e3os na sa\u00fade, pol\u00edtica de gera\u00e7\u00e3o de emprego, propostas para melhorar\nos \u00edndices da educa\u00e7\u00e3o, fortalecer o ser humano no sentido de dar oportunidade\nde trabalho e moradia, transformar Palmas em um celeiro administrativo,\nempreendedor e desenvolvimentista\u201d, enumerou. \u201cVamos implantar um governo nos\nprinc\u00edpios da honestidade e da fam\u00edlia\u201d, continuou. \u201cSer\u00e1 a gest\u00e3o mais\nconhecida do pa\u00eds e com o melhor prefeito do Brasil\u201d, assegurou.<\/p>\n\n\n\n<p>Ap\u00f3s votar, Eli Borges\nacompanhou o candidato a vice-prefeito em seu local de vota\u00e7\u00e3o. Joseph Madeira\nvotou na se\u00e7\u00e3o de n\u00famero 272 da Escola de Tempo Integral Olga Ben\u00e1rio, na 603\nSul. Eli Borges dever\u00e1 acompanhar a apura\u00e7\u00e3o dos votos em sua resid\u00eancia, ao\nlado da fam\u00edlia. J\u00e1 Joseph Madeira tamb\u00e9m dever\u00e1 aguardar o resultado das urnas\nem casa com a fam\u00edlia. \u201cEstou confiante e espero que possamos ter hoje, ao\nfinal do dia, uma dupla comemora\u00e7\u00e3o\u201d disse ele que comemora anivers\u00e1rio neste\ndia 15 de novembro. <\/p>\n\n\n\n<p>Campanha<\/p>\n\n\n\n<p>Mesmo sendo uma das \u00faltimas\ncandidaturas a serem lan\u00e7adas, o que ocorreu com Eli Borges internado com\nCovid-19 em um hospital de Palmas, a campanha seguiu firme com reuni\u00f5es,\ncaminhadas e propostas olho no olho do eleitor. <\/p>\n\n\n\n<p>Eli Borges apresentou aos\neleitores propostas para promover uma verdadeira revolu\u00e7\u00e3o econ\u00f4mica em Palmas,\ncom a gera\u00e7\u00e3o de 50 mil empregos diretos e indiretos. O perfil de pol\u00edtico\nhonesto que sempre cumpriu o que prometeu, al\u00e9m do preparo para governar\nPalmas, sempre foi lembrado nos discursos. \u201cEm oito mandatos nunca desviei um\ncentavo de dinheiro p\u00fablico, no Congresso Nacional sou o deputado federal que\nmenos gasta recursos do parlamento, al\u00e9m do que nunca peguei um centavo de\naux\u00edlio-moradia e tenho hist\u00f3rico de nunca ter tido uma conta de campanha\nrejeitada, a minha postura de honestidade \u00e9 uma bandeira muito forte que eu\ncarrego e \u00e9 seguindo esse caminho que quero governar Palmas\u201d, declarou.<\/p>\n","protected":false},"excerpt":{"rendered":"<p>O candidato a prefeito de Palmas pela coliga\u00e7\u00e3o \u201cUm Novo Tempo! Valorizando a Honestidade, a Fam\u00edlia, Governando com Deus e o Povo\u201d, Eli Borges (SD) votou na manh\u00e3 deste domingo, dia 15, por volta das 8h30, no Col\u00e9gio Marista, centro de Palmas. Eli Borges chegou acompanhado da esposa Maria Pedroza Borges, dos filhos Thiago e [&hellip;]<\/p>\n","protected":false},"author":2,"featured_media":6952,"comment_status":"open","ping_status":"open","sticky":false,"template":"","format":"standard","meta":[],"categories":[4],"tags":[13],"_links":{"self":[{"href":"https:\/\/dgospel.com.br\/portal\/index.php\/wp-json\/wp\/v2\/posts\/6951"}],"collection":[{"href":"https:\/\/dgospel.com.br\/portal\/index.php\/wp-json\/wp\/v2\/posts"}],"about":[{"href":"https:\/\/dgospel.com.br\/portal\/index.php\/wp-json\/wp\/v2\/types\/post"}],"author":[{"embeddable":true,"href":"https:\/\/dgospel.com.br\/portal\/index.php\/wp-json\/wp\/v2\/users\/2"}],"replies":[{"embeddable":true,"href":"https:\/\/dgospel.com.br\/portal\/index.php\/wp-json\/wp\/v2\/comments?post=6951"}],"version-history":[{"count":1,"href":"https:\/\/dgospel.com.br\/portal\/index.php\/wp-json\/wp\/v2\/posts\/6951\/revisions"}],"predecessor-version":[{"id":6953,"href":"https:\/\/dgospel.com.br\/portal\/index.php\/wp-json\/wp\/v2\/posts\/6951\/revisions\/6953"}],"wp:featuredmedia":[{"embeddable":true,"href":"https:\/\/dgospel.com.br\/portal\/index.php\/wp-json\/wp\/v2\/media\/6952"}],"wp:attachment":[{"href":"https:\/\/dgospel.com.br\/portal\/index.php\/wp-json\/wp\/v2\/media?parent=6951"}],"wp:term":[{"taxonomy":"category","embeddable":true,"href":"https:\/\/dgospel.com.br\/portal\/index.php\/wp-json\/wp\/v2\/categories?post=6951"},{"taxonomy":"post_tag","embeddable":true,"href":"https:\/\/dgospel.com.br\/portal\/index.php\/wp-json\/wp\/v2\/tags?post=6951"}],"curies":[{"name":"wp","href":"https:\/\/api.w.org\/{rel}","templated":true}]}}