{"id":6963,"date":"2020-11-16T10:32:02","date_gmt":"2020-11-16T13:32:02","guid":{"rendered":"http:\/\/dgospel.com.br\/portal\/?p=6963"},"modified":"2020-11-16T10:43:06","modified_gmt":"2020-11-16T13:43:06","slug":"com-3624-dos-votos-cinthia-ribeiro-e-reeleita-prefeita-de-palmas","status":"publish","type":"post","link":"https:\/\/dgospel.com.br\/portal\/index.php\/2020\/11\/16\/com-3624-dos-votos-cinthia-ribeiro-e-reeleita-prefeita-de-palmas\/","title":{"rendered":"Cinthia Ribeiro \u00e9 reeleita prefeita de Palmas com 36,24% dos votos"},"content":{"rendered":"\n<p>A atual prefeita de Palmas,&nbsp;<a href=\"https:\/\/g1.globo.com\/politica\/politico\/cinthia-alves-caetano-ribeiro\/\">Cinthia\nRibeiro<\/a>&nbsp;(PSDB) est\u00e1 reeleita para o segundo mandato. Ao final da apura\u00e7\u00e3o,\nela teve 36,24% dos votos dados a todos os candidatos. A prefeita recebeu\n46.243 votos.<\/p>\n\n\n\n<p>O segundo colocado na elei\u00e7\u00e3o foi o Professor J\u00fanior Geo, do PROS, com\n14,52%. Eli Borges, Solidariedade, teve 13%. Tiago Amastha Andrino, do PSB,\nficou com 12,31%.&nbsp;<\/p>\n\n\n\n<p><strong>Confira os demais resultados totalizados:<\/strong><br>\n<br>\nVanda Monteiro (PSL) \u2013 8,68% \u2022 11.079<br>\nGil Barison (Republicanos) \u2013 6% \u2022 7.654<br>\nMarcelo Lelis (PV) -3,36% \u2022 4.281<br>\nVilela (PT) \u2013 2,67% \u2022 3.402<br>\nAlan Barbiero (Podemos) \u2013 1,59% \u2022 2.028<br>\nJo\u00e3o Bazzoli (Psol) \u2013 0,83% \u2022 1.060<br>\nMax Dornellys (PTC) \u2013 0,49% \u2022 627<br>\nJoaquim Rocha (PMB) \u2013 0,32% \u2022 407<br>\n<br>\nBrancos: 3.550 \u00b7 2,57% \u2013 Nulos: 7.388 \u00b7 5,33%<\/p>\n\n\n\n<p>&nbsp;Em Palmas a elei\u00e7\u00e3o \u00e9 decidida em\nprimeiro turno porque a cidade n\u00e3o tem o n\u00famero m\u00ednimo, de 200 mil eleitores,\nprevisto na legisla\u00e7\u00e3o para realiza\u00e7\u00e3o de segundo turno. Al\u00e9m do PSDB, a\ncoliga\u00e7\u00e3o de Cinthia, &#8216;Palmas s\u00f3 Melhora&#8217;, tamb\u00e9m \u00e9 composta por MDB, Rede,\nDEM, Patriota e Avante . A prefeita falou \u00e0 imprensa logo ap\u00f3s o resultado.<\/p>\n\n\n\n<p><strong>&#8220;Desfeitos os palanques n\u00f3s governamos pra todos, o exerc\u00edcio da\ndemocracia se refor\u00e7a mais uma vez e a partir do dia primeiro de janeiro n\u00f3s\ngovernamos com muita responsabilidade pra aqueles que votaram em n\u00f3s e pra\naqueles que tamb\u00e9m n\u00e3o votaram. Mas eu agrade\u00e7o aqui aos 45.555 votos que a\ngente teve. Mostra o exerc\u00edcio da soberania numa campanha da paz, numa campanha\ndo bem, numa campanha propositiva. E agora n\u00f3s vamos vir pra esse segundo\nmandato com propostas bastante realizadores e principalmente pra poder\nconcretizar os projetos que j\u00e1 come\u00e7amos.&#8221;<\/strong><\/p>\n\n\n\n<p>Cinthia Ribeiro tem 43 anos e \u00e9 natural de An\u00e1polis (GO). \u00c9\nfonoaudi\u00f3loga formada pela Universidade Paulista (Unip), em Bras\u00edlia,\nempres\u00e1ria e p\u00f3s-graduada em direito e combate \u00e0 corrup\u00e7\u00e3o. Em sua carreira\npol\u00edtica foi candidata \u00e0 vice-governadora na elei\u00e7\u00e3o de 2014 na chapa de\nAta\u00eddes Oliveira, mas n\u00e3o se elegeu.<\/p>\n\n\n\n<p>Cinthia declara ao Tribunal Superior Eleitoral a profiss\u00e3o de\nfonoaudi\u00f3loga e um patrim\u00f4nio de R$ 2.250.570,66. O vice-prefeito na chapa \u00e9\nAndr\u00e9 Gomes, do Avante.<\/p>\n\n\n\n<p>Anunciada pelo ent\u00e3o prefeito Carlos Amastha como candidata \u00e0\nvice-prefeita em sua chapa \u00e0 reelei\u00e7\u00e3o, Cinthia Ribeiro foi eleita para o cargo\nem outubro de 2016.<a href=\"https:\/\/g1.globo.com\/to\/tocantins\/noticia\/cinthia-ribeiro-assume-prefeitura-de-palmas-e-promete-manter-o-ritmo.ghtml\">&nbsp;Ela\nassumiu a Prefeitura de Palmas em abril de 2018, ap\u00f3s ren\u00fancia do titular do\ncargo.<\/a><\/p>\n\n\n\n<p>Atualmente, al\u00e9m de prefeita da capital \u00e9 tamb\u00e9m presidente estadual do\nPSDB no Tocantins. Ela ocupa ainda o cargo de vice-presidente de Rela\u00e7\u00f5es\nInstitucionais da Federa\u00e7\u00e3o Nacional dos Prefeitos (FNP).<\/p>\n\n\n\n<p>Cinthia Ribeiro foi casada com o senador Jo\u00e3o Ribeiro&nbsp;<a href=\"http:\/\/g1.globo.com\/to\/tocantins\/noticia\/2013\/12\/senador-joao-ribeiro-morre-apos-complicacoes-pulmonares.html\">at\u00e9 a morte\ndele em dezembro de 2013&nbsp;<\/a>e tem um filho de 13 anos. Ela est\u00e1 noiva\nde Eduardo Montoan.<\/p>\n","protected":false},"excerpt":{"rendered":"<p>A atual prefeita de Palmas,&nbsp;Cinthia Ribeiro&nbsp;(PSDB) est\u00e1 reeleita para o segundo mandato. Ao final da apura\u00e7\u00e3o, ela teve 36,24% dos votos dados a todos os candidatos. A prefeita recebeu 46.243 votos. O segundo colocado na elei\u00e7\u00e3o foi o Professor J\u00fanior Geo, do PROS, com 14,52%. Eli Borges, Solidariedade, teve 13%. Tiago Amastha Andrino, do PSB, [&hellip;]<\/p>\n","protected":false},"author":2,"featured_media":6964,"comment_status":"open","ping_status":"open","sticky":false,"template":"","format":"standard","meta":[],"categories":[4],"tags":[13],"_links":{"self":[{"href":"https:\/\/dgospel.com.br\/portal\/index.php\/wp-json\/wp\/v2\/posts\/6963"}],"collection":[{"href":"https:\/\/dgospel.com.br\/portal\/index.php\/wp-json\/wp\/v2\/posts"}],"about":[{"href":"https:\/\/dgospel.com.br\/portal\/index.php\/wp-json\/wp\/v2\/types\/post"}],"author":[{"embeddable":true,"href":"https:\/\/dgospel.com.br\/portal\/index.php\/wp-json\/wp\/v2\/users\/2"}],"replies":[{"embeddable":true,"href":"https:\/\/dgospel.com.br\/portal\/index.php\/wp-json\/wp\/v2\/comments?post=6963"}],"version-history":[{"count":2,"href":"https:\/\/dgospel.com.br\/portal\/index.php\/wp-json\/wp\/v2\/posts\/6963\/revisions"}],"predecessor-version":[{"id":6966,"href":"https:\/\/dgospel.com.br\/portal\/index.php\/wp-json\/wp\/v2\/posts\/6963\/revisions\/6966"}],"wp:featuredmedia":[{"embeddable":true,"href":"https:\/\/dgospel.com.br\/portal\/index.php\/wp-json\/wp\/v2\/media\/6964"}],"wp:attachment":[{"href":"https:\/\/dgospel.com.br\/portal\/index.php\/wp-json\/wp\/v2\/media?parent=6963"}],"wp:term":[{"taxonomy":"category","embeddable":true,"href":"https:\/\/dgospel.com.br\/portal\/index.php\/wp-json\/wp\/v2\/categories?post=6963"},{"taxonomy":"post_tag","embeddable":true,"href":"https:\/\/dgospel.com.br\/portal\/index.php\/wp-json\/wp\/v2\/tags?post=6963"}],"curies":[{"name":"wp","href":"https:\/\/api.w.org\/{rel}","templated":true}]}}