{"id":6973,"date":"2020-11-16T22:53:12","date_gmt":"2020-11-17T01:53:12","guid":{"rendered":"http:\/\/dgospel.com.br\/portal\/?p=6973"},"modified":"2020-11-16T22:53:13","modified_gmt":"2020-11-17T01:53:13","slug":"governo-do-tocantins-apresenta-cenario-epidemiologico-da-covid-19-no-estado","status":"publish","type":"post","link":"https:\/\/dgospel.com.br\/portal\/index.php\/2020\/11\/16\/governo-do-tocantins-apresenta-cenario-epidemiologico-da-covid-19-no-estado\/","title":{"rendered":"Governo do Tocantins apresenta cen\u00e1rio epidemiol\u00f3gico da Covid-19 no Estado"},"content":{"rendered":"\n<p>\u201cAinda estamos em pandemia. N\u00e3o em estado severo ou grave, como estivemos em agosto deste ano, mas que merece a manuten\u00e7\u00e3o de todos os cuidados sanit\u00e1rios de conten\u00e7\u00e3o do v\u00edrus\u201d. Com estas palavras o secret\u00e1rio de Estado da Sa\u00fade, Dr. Edgar Tollini abriu a coletiva de imprensa, realizada na tarde desta segunda-feira, 16, na sede da Secretaria de Estado da Sa\u00fade (SES).<\/p>\n\n\n\n<p>O gestor apresentou os dados relativos a oito meses de pandemia, uma vez que em 18 de outubro, fez 8 meses do registro do primeiro caso no Tocantins. Desde mar\u00e7o de 2020, o Estado j\u00e1 registrou 78.169, com uma m\u00e9dia m\u00f3vel de 101,86 nos \u00faltimos 7 dias; 69.626 pacientes est\u00e3o recuperados (88% do total); 1.128 pessoas foram a \u00f3bitos e 8.187&nbsp; seguem em isolamento domiciliar.<\/p>\n\n\n\n<p>Segundo&nbsp;Edgar Tollini, o n\u00famero baixo de \u00f3bitos e a alta recupera\u00e7\u00e3o se deve \u00e0s a\u00e7\u00f5es assertivas da Gest\u00e3o Estadual. \u201cImplantamos 429 leitos exclusivos para pacientes com Covid-19 e todas as 18 unidades hospitalares do Tocantins&nbsp;oferecem tratamento para a doen\u00e7a, sendo que em sete delas tem leitos de Unidade de Terapia Intensiva. O Estado aplicou todo o recurso (R$ 92 milh\u00f5es) recebido do Minist\u00e9rio da Sa\u00fade em contrata\u00e7\u00f5es e compras de insumos necess\u00e1rios para atender a demanda existente\u201d, pontou, acrescentando que a SES segue respons\u00e1vel por 96% dos atendimentos a acometidos pelo novo Coronav\u00edrus no Tocantins.<\/p>\n\n\n\n<p>\u201cSeguimos a determina\u00e7\u00e3o do governador Mauro Carlesse.&nbsp;Enquanto tivermos um \u00fanico paciente acometido pela&nbsp;Covid-19, teremos a mesma dedica\u00e7\u00e3o em manter os cuidados em todo o Estado. Gra\u00e7as a isso passamos pelo per\u00edodo cr\u00edtico sem transferir um \u00fanico paciente para ser atendido fora do Tocantins e at\u00e9 a popula\u00e7\u00e3o detentora de plano de sa\u00fade preferiu o acolhimento nas unidades p\u00fablicas\u201d, destacou o gestor.<\/p>\n\n\n\n<p><strong>Segunda onda<\/strong><\/p>\n\n\n\n<p>Sobre a possibilidade de uma segunda onda de casos em decorr\u00eancia das aglomera\u00e7\u00f5es resultantes do processo eleitoral finalizado no domingo, 15, o secret\u00e1rio afirmou que \u201cnos pr\u00f3ximos 15 dias estaremos com aten\u00e7\u00e3o redobrada, mas a popula\u00e7\u00e3o pode ficar tranquila, pois n\u00e3o fizemos desmonte de leitos e toda estrutura permanece \u00e0 disposi\u00e7\u00e3o dos usu\u00e1rios do Sistema \u00danico de Sa\u00fade\u201d.<\/p>\n\n\n\n<p><strong>Vacina<\/strong><\/p>\n\n\n\n<p>O secret\u00e1rio falou sobre as diferentes vacinas que est\u00e3o em testes para o combate da Covid-19. \u201cAcredito que ainda no primeiro trimestre de 2021 teremos uma vacina \u00e0 disposi\u00e7\u00e3o da popula\u00e7\u00e3o e aplicaremos a mesma log\u00edstica j\u00e1 utilizada no sistema de nacional de vacina\u00e7\u00e3o, na qual recebemos as doses e repassamos aos munic\u00edpios para aplica\u00e7\u00e3o, obedecendo a ordem dos grupos priorit\u00e1rios\u201d, explicou.<\/p>\n\n\n\n<p><strong>Testagem<\/strong><\/p>\n\n\n\n<p>Tollini destacou a atua\u00e7\u00e3o do Laborat\u00f3rio Central de Sa\u00fade P\u00fablica do Tocantins (Lacen-TO), que atualmente tem capacidade para an\u00e1lise di\u00e1ria de 2 mil amostras e tem a mais c\u00e9lere libera\u00e7\u00e3o de resultados, do pa\u00eds. \u201cH\u00e1 20 dias ampliamos o trabalho de an\u00e1lise, com a inaugura\u00e7\u00e3o do Lacen de Aragua\u00edna, possibilitando que todas amostras daquela regi\u00e3o sejam analisadas l\u00e1 e liberadas em at\u00e9 24h\u201d, disse.<\/p>\n","protected":false},"excerpt":{"rendered":"<p>\u201cAinda estamos em pandemia. N\u00e3o em estado severo ou grave, como estivemos em agosto deste ano, mas que merece a manuten\u00e7\u00e3o de todos os cuidados sanit\u00e1rios de conten\u00e7\u00e3o do v\u00edrus\u201d. Com estas palavras o secret\u00e1rio de Estado da Sa\u00fade, Dr. Edgar Tollini abriu a coletiva de imprensa, realizada na tarde desta segunda-feira, 16, na sede [&hellip;]<\/p>\n","protected":false},"author":2,"featured_media":6975,"comment_status":"open","ping_status":"open","sticky":false,"template":"","format":"standard","meta":[],"categories":[3],"tags":[13],"_links":{"self":[{"href":"https:\/\/dgospel.com.br\/portal\/index.php\/wp-json\/wp\/v2\/posts\/6973"}],"collection":[{"href":"https:\/\/dgospel.com.br\/portal\/index.php\/wp-json\/wp\/v2\/posts"}],"about":[{"href":"https:\/\/dgospel.com.br\/portal\/index.php\/wp-json\/wp\/v2\/types\/post"}],"author":[{"embeddable":true,"href":"https:\/\/dgospel.com.br\/portal\/index.php\/wp-json\/wp\/v2\/users\/2"}],"replies":[{"embeddable":true,"href":"https:\/\/dgospel.com.br\/portal\/index.php\/wp-json\/wp\/v2\/comments?post=6973"}],"version-history":[{"count":1,"href":"https:\/\/dgospel.com.br\/portal\/index.php\/wp-json\/wp\/v2\/posts\/6973\/revisions"}],"predecessor-version":[{"id":6976,"href":"https:\/\/dgospel.com.br\/portal\/index.php\/wp-json\/wp\/v2\/posts\/6973\/revisions\/6976"}],"wp:featuredmedia":[{"embeddable":true,"href":"https:\/\/dgospel.com.br\/portal\/index.php\/wp-json\/wp\/v2\/media\/6975"}],"wp:attachment":[{"href":"https:\/\/dgospel.com.br\/portal\/index.php\/wp-json\/wp\/v2\/media?parent=6973"}],"wp:term":[{"taxonomy":"category","embeddable":true,"href":"https:\/\/dgospel.com.br\/portal\/index.php\/wp-json\/wp\/v2\/categories?post=6973"},{"taxonomy":"post_tag","embeddable":true,"href":"https:\/\/dgospel.com.br\/portal\/index.php\/wp-json\/wp\/v2\/tags?post=6973"}],"curies":[{"name":"wp","href":"https:\/\/api.w.org\/{rel}","templated":true}]}}