{"id":6977,"date":"2020-11-16T22:57:51","date_gmt":"2020-11-17T01:57:51","guid":{"rendered":"http:\/\/dgospel.com.br\/portal\/?p=6977"},"modified":"2020-11-16T22:57:53","modified_gmt":"2020-11-17T01:57:53","slug":"igreja-evangelica-e-incendiada-em-novo-protesto-no-chile","status":"publish","type":"post","link":"https:\/\/dgospel.com.br\/portal\/index.php\/2020\/11\/16\/igreja-evangelica-e-incendiada-em-novo-protesto-no-chile\/","title":{"rendered":"Igreja evang\u00e9lica \u00e9 incendiada em novo protesto no Chile"},"content":{"rendered":"\n<p>Uma igreja evang\u00e9lica foi&nbsp;<a href=\"https:\/\/guiame.com.br\/gospel\/noticias\/manifestantes-encapuzados-incendeiam-2-igrejas-durante-protestos-no-chile.html\"><strong>incendiada<\/strong><\/a>&nbsp;na noite da \u00faltima sexta-feira (13) na regi\u00e3o de Araucan\u00eda, no sul do Chile, durante&nbsp;<a href=\"https:\/\/guiame.com.br\/gospel\/noticias\/manifestantes-encapuzados-incendeiam-2-igrejas-durante-protestos-no-chile.html\"><strong>protestos violentos<\/strong><\/a>&nbsp;no sul do pa\u00eds. Al\u00e9m do templo, pelo menos quatro caminh\u00f5es foram queimados.<\/p>\n\n\n\n<p>\u201cUma s\u00e9rie de atos violentos afetou a regi\u00e3o de Araucan\u00eda e particularmente a prov\u00edncia de Malleco, que incluiu a queima de m\u00e1quinas agr\u00edcolas e o inc\u00eandio a uma igreja evang\u00e9lica\u201d, disse Juan Carlos Beltr\u00e1n, governador de Malleco, uma prov\u00edncia localizada a mais de 600 quil\u00f4metros de Santiago.<\/p>\n\n\n\n<p>Os inc\u00eandios acontecerem na v\u00e9spera da data da morte de Camilo Catrillanca, um mapuche que foi morto a tiros pela pol\u00edcia chilena em 2018. No s\u00e1bado (14), manifestantes bloquearam uma rodovia carregando cartazes com a bandeira Mapuche, um povo de origem ind\u00edgena luta pela recupera\u00e7\u00e3o de seu territ\u00f3rio ancestral.<\/p>\n\n\n\n<p>Durante d\u00e9cadas, a regi\u00e3o de La Araucan\u00eda tem sido palco de ataques violentos, incluindo inc\u00eandios em caminh\u00f5es florestais e m\u00e1quinas agr\u00edcolas. Muitos deles s\u00e3o reivindicados por grupos radicais da etnia Mapuche.<\/p>\n\n\n\n<p>Em mar\u00e7o de 2016, radicais mapuches promoveram uma s\u00e9rie de ataques incendi\u00e1rios contra igrejas cat\u00f3licas e evang\u00e9licas em La Araucan\u00eda.<\/p>\n\n\n\n<p>Os mapuches representam 10% dos 19 milh\u00f5es de chilenos, sendo que metade deles vive em comunidades rurais pobres de La Araucan\u00eda. A maioria das comunidades mapuches s\u00e3o pac\u00edficas.<\/p>\n\n\n\n<p>\n\nFONTE: GUIAME, COM INFORMA\u00c7\u00d5ES DA ASSOCIATED PRESS\n\n<\/p>\n","protected":false},"excerpt":{"rendered":"<p>Uma igreja evang\u00e9lica foi&nbsp;incendiada&nbsp;na noite da \u00faltima sexta-feira (13) na regi\u00e3o de Araucan\u00eda, no sul do Chile, durante&nbsp;protestos violentos&nbsp;no sul do pa\u00eds. Al\u00e9m do templo, pelo menos quatro caminh\u00f5es foram queimados. \u201cUma s\u00e9rie de atos violentos afetou a regi\u00e3o de Araucan\u00eda e particularmente a prov\u00edncia de Malleco, que incluiu a queima de m\u00e1quinas agr\u00edcolas e [&hellip;]<\/p>\n","protected":false},"author":2,"featured_media":6978,"comment_status":"open","ping_status":"open","sticky":false,"template":"","format":"standard","meta":[],"categories":[5,1],"tags":[],"_links":{"self":[{"href":"https:\/\/dgospel.com.br\/portal\/index.php\/wp-json\/wp\/v2\/posts\/6977"}],"collection":[{"href":"https:\/\/dgospel.com.br\/portal\/index.php\/wp-json\/wp\/v2\/posts"}],"about":[{"href":"https:\/\/dgospel.com.br\/portal\/index.php\/wp-json\/wp\/v2\/types\/post"}],"author":[{"embeddable":true,"href":"https:\/\/dgospel.com.br\/portal\/index.php\/wp-json\/wp\/v2\/users\/2"}],"replies":[{"embeddable":true,"href":"https:\/\/dgospel.com.br\/portal\/index.php\/wp-json\/wp\/v2\/comments?post=6977"}],"version-history":[{"count":1,"href":"https:\/\/dgospel.com.br\/portal\/index.php\/wp-json\/wp\/v2\/posts\/6977\/revisions"}],"predecessor-version":[{"id":6979,"href":"https:\/\/dgospel.com.br\/portal\/index.php\/wp-json\/wp\/v2\/posts\/6977\/revisions\/6979"}],"wp:featuredmedia":[{"embeddable":true,"href":"https:\/\/dgospel.com.br\/portal\/index.php\/wp-json\/wp\/v2\/media\/6978"}],"wp:attachment":[{"href":"https:\/\/dgospel.com.br\/portal\/index.php\/wp-json\/wp\/v2\/media?parent=6977"}],"wp:term":[{"taxonomy":"category","embeddable":true,"href":"https:\/\/dgospel.com.br\/portal\/index.php\/wp-json\/wp\/v2\/categories?post=6977"},{"taxonomy":"post_tag","embeddable":true,"href":"https:\/\/dgospel.com.br\/portal\/index.php\/wp-json\/wp\/v2\/tags?post=6977"}],"curies":[{"name":"wp","href":"https:\/\/api.w.org\/{rel}","templated":true}]}}