{"id":6987,"date":"2020-11-19T00:04:07","date_gmt":"2020-11-19T03:04:07","guid":{"rendered":"http:\/\/dgospel.com.br\/portal\/?p=6987"},"modified":"2020-11-19T00:04:08","modified_gmt":"2020-11-19T03:04:08","slug":"damares-critica-iniciativa-da-argentina-de-legalizar-o-aborto","status":"publish","type":"post","link":"https:\/\/dgospel.com.br\/portal\/index.php\/2020\/11\/19\/damares-critica-iniciativa-da-argentina-de-legalizar-o-aborto\/","title":{"rendered":"Damares critica iniciativa da Argentina de legalizar o aborto"},"content":{"rendered":"\n<p> Nesta quarta-feira (18), a ministra da Mulher, Fam\u00edlia e Direitos Humanos, Damares Alves, criticou uma proposta enviada pelo presidente da Argentina, Alberto Fern\u00e1ndez, para legalizar o aborto em seu pa\u00eds. Para a ministra, o ato \u00e9 uma \u201cagress\u00e3o ao corpo da mulher e \u00e9 assassinato\u201d. <\/p>\n\n\n\n<p> A declara\u00e7\u00e3o foi dada durante uma entrevista ao jornalista Lu\u00eds Ernesto Lacombe, da RedeTV!. <\/p>\n\n\n\n<p>\u2013 Em pleno 2020, as pessoas ainda falarem de legalizar o aborto. Algo t\u00e3o primitivo, t\u00e3o animalesco. Os pa\u00edses tinham que estar lutando, como n\u00f3s estamos aqui no Brasil, por mais planejamento familiar. Aborto n\u00e3o \u00e9 prazeroso para nenhuma mulher. Inclusive, a mulher que est\u00e1 levantando o cartaz \u201cvamos legalizar o aborto\u201d, quando ela passa por um aborto, ela sabe que n\u00e3o \u00e9 prazeroso \u2013 explicou.<\/p>\n\n\n\n<p>A ministra ent\u00e3o lembrou que o aborto n\u00e3o \u00e9 uma pol\u00edtica de planejamento familiar e que a Argentina deveria investir nesse tipo de pol\u00edtica p\u00fablica.<\/p>\n\n\n\n<p>\u2013 O aborto n\u00e3o pode ser usado como m\u00e9todo anticonceptivo. O aborto n\u00e3o \u00e9 planejamento familiar. O aborto \u00e9 agress\u00e3o ao corpo da mulher e \u00e9 assassinato. O que a Argentina deveria estar lutando? Por mais pol\u00edticas p\u00fablicas, investimento em pol\u00edticas p\u00fablicas de planejamento familiar. Ser\u00e1 que \u00e9 mais barato fazer o aborto do que fazer pol\u00edticas p\u00fablicas de verdade de planejamento familiar? \u2013 questionou.<\/p>\n\n\n\n<p>Por fim, Damares afirmou que o governo do Brasil deve apresentar, em breve, \u201co maior programa de planejamento familiar\u201d \u00e0 popula\u00e7\u00e3o.<\/p>\n\n\n\n<p>\u2013 O presidente Bolsonaro tem cobrado do nosso minist\u00e9rio e do Minist\u00e9rio da Sa\u00fade (\u2026) para a gente apresentar imediatamente ao Brasil o maior programa de planejamento familiar. Aborto n\u00e3o pode ser considerado como op\u00e7\u00e3o, porque \u00e9 viol\u00eancia contra o corpo da mulher. Se eu amo mulher, se eu luto pelas mulheres, como vou lutar para o liberar o aborto no Brasil, se o aborto \u00e9 viol\u00eancia contra a mulher, contra o corpo da mulher \u2013 concluiu.<\/p>\n","protected":false},"excerpt":{"rendered":"<p>Nesta quarta-feira (18), a ministra da Mulher, Fam\u00edlia e Direitos Humanos, Damares Alves, criticou uma proposta enviada pelo presidente da Argentina, Alberto Fern\u00e1ndez, para legalizar o aborto em seu pa\u00eds. Para a ministra, o ato \u00e9 uma \u201cagress\u00e3o ao corpo da mulher e \u00e9 assassinato\u201d. A declara\u00e7\u00e3o foi dada durante uma entrevista ao jornalista Lu\u00eds [&hellip;]<\/p>\n","protected":false},"author":2,"featured_media":6988,"comment_status":"open","ping_status":"open","sticky":false,"template":"","format":"standard","meta":[],"categories":[4],"tags":[],"_links":{"self":[{"href":"https:\/\/dgospel.com.br\/portal\/index.php\/wp-json\/wp\/v2\/posts\/6987"}],"collection":[{"href":"https:\/\/dgospel.com.br\/portal\/index.php\/wp-json\/wp\/v2\/posts"}],"about":[{"href":"https:\/\/dgospel.com.br\/portal\/index.php\/wp-json\/wp\/v2\/types\/post"}],"author":[{"embeddable":true,"href":"https:\/\/dgospel.com.br\/portal\/index.php\/wp-json\/wp\/v2\/users\/2"}],"replies":[{"embeddable":true,"href":"https:\/\/dgospel.com.br\/portal\/index.php\/wp-json\/wp\/v2\/comments?post=6987"}],"version-history":[{"count":1,"href":"https:\/\/dgospel.com.br\/portal\/index.php\/wp-json\/wp\/v2\/posts\/6987\/revisions"}],"predecessor-version":[{"id":6989,"href":"https:\/\/dgospel.com.br\/portal\/index.php\/wp-json\/wp\/v2\/posts\/6987\/revisions\/6989"}],"wp:featuredmedia":[{"embeddable":true,"href":"https:\/\/dgospel.com.br\/portal\/index.php\/wp-json\/wp\/v2\/media\/6988"}],"wp:attachment":[{"href":"https:\/\/dgospel.com.br\/portal\/index.php\/wp-json\/wp\/v2\/media?parent=6987"}],"wp:term":[{"taxonomy":"category","embeddable":true,"href":"https:\/\/dgospel.com.br\/portal\/index.php\/wp-json\/wp\/v2\/categories?post=6987"},{"taxonomy":"post_tag","embeddable":true,"href":"https:\/\/dgospel.com.br\/portal\/index.php\/wp-json\/wp\/v2\/tags?post=6987"}],"curies":[{"name":"wp","href":"https:\/\/api.w.org\/{rel}","templated":true}]}}