{"id":6993,"date":"2020-11-19T00:25:11","date_gmt":"2020-11-19T03:25:11","guid":{"rendered":"http:\/\/dgospel.com.br\/portal\/?p=6993"},"modified":"2020-11-19T00:25:12","modified_gmt":"2020-11-19T03:25:12","slug":"cantor-gospel-rubens-uchoa-e-eleito-vereador-e-faz-historia-em-palmas","status":"publish","type":"post","link":"https:\/\/dgospel.com.br\/portal\/index.php\/2020\/11\/19\/cantor-gospel-rubens-uchoa-e-eleito-vereador-e-faz-historia-em-palmas\/","title":{"rendered":"CANTOR GOSPEL RUBENS UCH\u00d4A \u00c9 ELEITO VEREADOR E FAZ HIST\u00d3RIA EM PALMAS"},"content":{"rendered":"\n<p>O\ncantor gospel Rubens Uch\u00f4a (Cidadania), foi eleito a vereador neste domingo,\n15, com 1.250 votos. Uch\u00f4a, foi o segundo candidato a vereador mais bem votado\ndo partido e o 13\u00ba mais votado entre os 19 vereadores eleitos na capital.<\/p>\n\n\n\n<p>Ap\u00f3s\na confirma\u00e7\u00e3o da vit\u00f3ria Rubens Uch\u00f4a, conclamou aos seus apoiadores a fazerem\numa ora\u00e7\u00e3o de agradecimento a Deus pela conquista. Na oportunidade o pastor\nJosivan Gomes, presidente da Assembleia de Deus CIADSETA, campo Aureny IV,\nconduzia a ora\u00e7\u00e3o. \u201cCome\u00e7amos esse projeto orando a Deus, e hoje n\u00e3o poder\u00edamos\ndeixar de agradecer a Deus por essa grande vit\u00f3ria. Teve o esfor\u00e7o de todos,\nmas entendemos que essa vit\u00f3ria vem do Senhor, por isso a Deus toda honra e\ntoda gl\u00f3ria\u201d, disse o pastor Josivan Gomes.<\/p>\n\n\n\n<p>Emocionado\nRubens Uch\u00f4a, agradeceu a Deus, a fam\u00edlia, os amigos e todos seus apoiadores.\n\u201cMuito grato a Deus, a minha fam\u00edlia e todos que acreditaram em nossas\npropostas. Foi um processo dif\u00edcil, mas Deus nos deu essa vit\u00f3ria, com o apoio\ne ajuda dos amigos, pessoas que estiveram ao nosso lado desde o primeiro\nmomento, que lutaram e que at\u00e9 agora est\u00e3o do nosso lado, Deus aben\u00e7oe a todos\nque nos ajudaram\u201d, disse.<\/p>\n\n\n\n<p>Em 2016 Rubens Uch\u00f4a concorreu uma cadeira na c\u00e2mara municipal de Palmas, ficando como suplente de vereador, obtendo 878 votos. Agora com apoio da Igreja Assembleia de Deus Ciadseta no Aureny IV, onde congrega, e de v\u00e1rios l\u00edderes e igrejas de diversos minist\u00e9rios, Rubens Uch\u00f4a obteve 1.250 votos, ficando entre ao mais bem votados nestas elei\u00e7\u00f5es em Palmas.<\/p>\n\n\n\n<p><\/p>\n\n\n\n<figure class=\"wp-block-image\"><img loading=\"lazy\" width=\"857\" height=\"629\" src=\"http:\/\/dgospel.com.br\/portal\/wp-content\/uploads\/2020\/11\/89547319_2493323964260969_4928072915976454144_n-1.jpg\" alt=\"\" class=\"wp-image-6995\" srcset=\"https:\/\/dgospel.com.br\/portal\/wp-content\/uploads\/2020\/11\/89547319_2493323964260969_4928072915976454144_n-1.jpg 857w, https:\/\/dgospel.com.br\/portal\/wp-content\/uploads\/2020\/11\/89547319_2493323964260969_4928072915976454144_n-1-300x220.jpg 300w, https:\/\/dgospel.com.br\/portal\/wp-content\/uploads\/2020\/11\/89547319_2493323964260969_4928072915976454144_n-1-768x564.jpg 768w\" sizes=\"(max-width: 857px) 100vw, 857px\" \/><\/figure>\n\n\n\n<p>Em mar\u00e7o\ndeste ano, o Conselho Pol\u00edtico da Igreja Assembleia de Deus CIADSETA, Campo do\nAureny IV, em Palmas, durante um evento local, fez o lan\u00e7amento da\npr\u00e9-candidatura a vereador do cantor Rubens Uch\u00f4a. Na oportunidade centenas de\nobreiros e membros da Igreja estiveram presentes. Desde ent\u00e3o, presidente da\nIgreja, pastor Josivan Gomes, o Conselho Pol\u00edtico, o minist\u00e9rio local, e a\nmembresia em geral trabalharam incansavelmente em prol deste projeto. Enquanto isso,\ncom o seu\ncarisma, Rubens Uch\u00f4a conquistava apoio de l\u00edderes, de v\u00e1rias denomina\u00e7\u00f5es de\nnorte a sul da capital. <\/p>\n\n\n\n<p>Rubens Uch\u00f4a, que \u00e9 cantor evang\u00e9lico, presb\u00edtero da Igreja\nAssembleia de Deus CIADSETA, faz hist\u00f3ria em Palmas, se tornando o primeiro\ncandidato da Assembleia de Deus CIADSETA, a conquistar uma cadeira na c\u00e2mara municipal\nde Palmas, e o primeiro vereador do Aureny IV.<\/p>\n\n\n\n<p>Rubens Uch\u00f4a, tamb\u00e9m contou com total apoio do seu pai,\npastor Joaquim Rosa, que preside uma conven\u00e7\u00e3o em Palmas, que comemorou a vit\u00f3ria\ndo filho muito emocionado.<\/p>\n\n\n\n<p>Depois dos\nresultados das urnas, Rubens Uch\u00f4a, reafirmou seus\ncompromissos. \u201cAs nossas bandeiras s\u00e3o: tirar as pessoas em vulnerabilidade das\nruas; ressocializa\u00e7\u00e3o dos dependentes qu\u00edmico, luta contra a viol\u00eancia\ndom\u00e9stica e a defesa da fam\u00edlia que \u00e9 a base da sociedade\u201d, disse. <\/p>\n","protected":false},"excerpt":{"rendered":"<p>O cantor gospel Rubens Uch\u00f4a (Cidadania), foi eleito a vereador neste domingo, 15, com 1.250 votos. Uch\u00f4a, foi o segundo candidato a vereador mais bem votado do partido e o 13\u00ba mais votado entre os 19 vereadores eleitos na capital. Ap\u00f3s a confirma\u00e7\u00e3o da vit\u00f3ria Rubens Uch\u00f4a, conclamou aos seus apoiadores a fazerem uma ora\u00e7\u00e3o [&hellip;]<\/p>\n","protected":false},"author":2,"featured_media":6994,"comment_status":"open","ping_status":"open","sticky":false,"template":"","format":"standard","meta":[],"categories":[4],"tags":[13],"_links":{"self":[{"href":"https:\/\/dgospel.com.br\/portal\/index.php\/wp-json\/wp\/v2\/posts\/6993"}],"collection":[{"href":"https:\/\/dgospel.com.br\/portal\/index.php\/wp-json\/wp\/v2\/posts"}],"about":[{"href":"https:\/\/dgospel.com.br\/portal\/index.php\/wp-json\/wp\/v2\/types\/post"}],"author":[{"embeddable":true,"href":"https:\/\/dgospel.com.br\/portal\/index.php\/wp-json\/wp\/v2\/users\/2"}],"replies":[{"embeddable":true,"href":"https:\/\/dgospel.com.br\/portal\/index.php\/wp-json\/wp\/v2\/comments?post=6993"}],"version-history":[{"count":1,"href":"https:\/\/dgospel.com.br\/portal\/index.php\/wp-json\/wp\/v2\/posts\/6993\/revisions"}],"predecessor-version":[{"id":6996,"href":"https:\/\/dgospel.com.br\/portal\/index.php\/wp-json\/wp\/v2\/posts\/6993\/revisions\/6996"}],"wp:featuredmedia":[{"embeddable":true,"href":"https:\/\/dgospel.com.br\/portal\/index.php\/wp-json\/wp\/v2\/media\/6994"}],"wp:attachment":[{"href":"https:\/\/dgospel.com.br\/portal\/index.php\/wp-json\/wp\/v2\/media?parent=6993"}],"wp:term":[{"taxonomy":"category","embeddable":true,"href":"https:\/\/dgospel.com.br\/portal\/index.php\/wp-json\/wp\/v2\/categories?post=6993"},{"taxonomy":"post_tag","embeddable":true,"href":"https:\/\/dgospel.com.br\/portal\/index.php\/wp-json\/wp\/v2\/tags?post=6993"}],"curies":[{"name":"wp","href":"https:\/\/api.w.org\/{rel}","templated":true}]}}