{"id":6997,"date":"2020-11-19T10:09:36","date_gmt":"2020-11-19T13:09:36","guid":{"rendered":"http:\/\/dgospel.com.br\/portal\/?p=6997"},"modified":"2020-11-19T10:09:38","modified_gmt":"2020-11-19T13:09:38","slug":"presidente-da-assembleia-legislativa-assume-executivo-estadual-em-periodo-de-ferias-do-governador-carlesse-e-do-vice-wanderlei-barbosa","status":"publish","type":"post","link":"https:\/\/dgospel.com.br\/portal\/index.php\/2020\/11\/19\/presidente-da-assembleia-legislativa-assume-executivo-estadual-em-periodo-de-ferias-do-governador-carlesse-e-do-vice-wanderlei-barbosa\/","title":{"rendered":"Presidente da Assembleia Legislativa assume Executivo Estadual em per\u00edodo de f\u00e9rias do governador Carlesse e do vice Wanderlei Barbosa"},"content":{"rendered":"\n<p>O presidente da Assembleia Legislativa do Tocantins (AL\/TO), deputado estadual Ant\u00f4nio Andrade, assumiu a chefia do Poder Executivo Estadual na manh\u00e3 desta quarta-feira, 18, em solenidade no Pal\u00e1cio Araguaia. O deputado permanecer\u00e1 no cargo entre os dias 18 e 25 de novembro, per\u00edodo em que o governador Mauro Carlesse e o seu vice Wanderlei Barbosa estar\u00e3o de f\u00e9rias.<\/p>\n\n\n\n<p>Durante a cerim\u00f4nia, o governador Carlesse fez quest\u00e3o de destacar que sai com tranquilidade, confiando que Ant\u00f4nio Andrade far\u00e1 um excelente trabalho. \u201c\u00c9 com confian\u00e7a e muita tranquilidade que eu dou lugar ao deputado Toinho para cuidar do Estado nestes dias. Ele est\u00e1 preparado para esta miss\u00e3o, est\u00e1 h\u00e1 muitos anos na pol\u00edtica, sem mancha nenhuma e o ato de hoje s\u00f3 confirma que o nosso grupo est\u00e1 cada vez mais unido. Vou descansar de cabe\u00e7a fresca, tranquilo e feliz\u201d, afirmou.<\/p>\n\n\n\n<p>Ap\u00f3s assumir o cargo, Ant\u00f4nio Andrade falou de sua alegria em poder estar \u00e0 frente do Executivo Estadual pela primeira vez. \u201c\u00c9 um filme que passa na cabe\u00e7a da gente, desde que comecei como vereador na minha cidade natal at\u00e9 hoje, como deputado estadual e presidente j\u00e1 reeleito da Assembleia. Agrade\u00e7o a Deus, aos colegas deputados, ao povo tocantinense que confiou na gente. Fico muito feliz por ter a confian\u00e7a do governador Mauro Carlesse para que possa assumir o Governo com muita responsabilidade. Vamos dar sequ\u00eancia a este Governo que vem resgatando a credibilidade, procurando fazer uma gest\u00e3o que ficar\u00e1 marcada na hist\u00f3ria do nosso Estado\u201d, assegurou.<\/p>\n\n\n\n<p><strong>Atos<\/strong><\/p>\n\n\n\n<p>Durante a solenidade, que foi acompanhada por secret\u00e1rios de Estado, deputados, pelo presidente do Tribunal de Contas do Estado (TCE), Severiano Costandrade, e por familiares, foram assinados dois atos. O primeiro \u00e9 ato administrativo comunicando \u00e0 Assembleia Legislativa da transmiss\u00e3o do cargo no per\u00edodo de 18 a 25 do m\u00eas corrente e informando que o substituto natural, o vice-governador Wanderlei Barbosa, tamb\u00e9m estar\u00e1 afastado por igual per\u00edodo, de forma que constitucionalmente o presidente da Assembleia \u00e9 convocado a assumir o Poder Executivo.<\/p>\n\n\n\n<p>O segundo \u00e9 o termo de transmiss\u00e3o de chefia do Poder Executivo em que o governador Mauro Carlesse, tendo em vista a frui\u00e7\u00e3o de f\u00e9rias, transmite a chefia do Poder Executivo ao presidente da Assembleia Legislativa, que assume o compromisso solene de manter, defender e cumprir as Constitui\u00e7\u00f5es Estadual e Federal, as leis infraconstitucionais e de promover o bem geral do povo do Tocantins.<\/p>\n\n\n\n<p>O ato ser\u00e1 publicado na edi\u00e7\u00e3o do Di\u00e1rio Oficial do Estado (DOE) desta quarta-feira, 18.<\/p>\n","protected":false},"excerpt":{"rendered":"<p>O presidente da Assembleia Legislativa do Tocantins (AL\/TO), deputado estadual Ant\u00f4nio Andrade, assumiu a chefia do Poder Executivo Estadual na manh\u00e3 desta quarta-feira, 18, em solenidade no Pal\u00e1cio Araguaia. O deputado permanecer\u00e1 no cargo entre os dias 18 e 25 de novembro, per\u00edodo em que o governador Mauro Carlesse e o seu vice Wanderlei Barbosa [&hellip;]<\/p>\n","protected":false},"author":2,"featured_media":0,"comment_status":"open","ping_status":"open","sticky":false,"template":"","format":"standard","meta":[],"categories":[3],"tags":[],"_links":{"self":[{"href":"https:\/\/dgospel.com.br\/portal\/index.php\/wp-json\/wp\/v2\/posts\/6997"}],"collection":[{"href":"https:\/\/dgospel.com.br\/portal\/index.php\/wp-json\/wp\/v2\/posts"}],"about":[{"href":"https:\/\/dgospel.com.br\/portal\/index.php\/wp-json\/wp\/v2\/types\/post"}],"author":[{"embeddable":true,"href":"https:\/\/dgospel.com.br\/portal\/index.php\/wp-json\/wp\/v2\/users\/2"}],"replies":[{"embeddable":true,"href":"https:\/\/dgospel.com.br\/portal\/index.php\/wp-json\/wp\/v2\/comments?post=6997"}],"version-history":[{"count":1,"href":"https:\/\/dgospel.com.br\/portal\/index.php\/wp-json\/wp\/v2\/posts\/6997\/revisions"}],"predecessor-version":[{"id":6998,"href":"https:\/\/dgospel.com.br\/portal\/index.php\/wp-json\/wp\/v2\/posts\/6997\/revisions\/6998"}],"wp:attachment":[{"href":"https:\/\/dgospel.com.br\/portal\/index.php\/wp-json\/wp\/v2\/media?parent=6997"}],"wp:term":[{"taxonomy":"category","embeddable":true,"href":"https:\/\/dgospel.com.br\/portal\/index.php\/wp-json\/wp\/v2\/categories?post=6997"},{"taxonomy":"post_tag","embeddable":true,"href":"https:\/\/dgospel.com.br\/portal\/index.php\/wp-json\/wp\/v2\/tags?post=6997"}],"curies":[{"name":"wp","href":"https:\/\/api.w.org\/{rel}","templated":true}]}}