{"id":6999,"date":"2020-11-19T10:13:17","date_gmt":"2020-11-19T13:13:17","guid":{"rendered":"http:\/\/dgospel.com.br\/portal\/?p=6999"},"modified":"2020-11-19T10:13:18","modified_gmt":"2020-11-19T13:13:18","slug":"governo-do-tocantins-destaca-resultado-positivo-na-prevencao-fiscalizacao-e-combate-aos-incendios-no-esta","status":"publish","type":"post","link":"https:\/\/dgospel.com.br\/portal\/index.php\/2020\/11\/19\/governo-do-tocantins-destaca-resultado-positivo-na-prevencao-fiscalizacao-e-combate-aos-incendios-no-esta\/","title":{"rendered":"Governo do Tocantins destaca resultado positivo na preven\u00e7\u00e3o, fiscaliza\u00e7\u00e3o e combate aos inc\u00eandios no Esta"},"content":{"rendered":"\n<p>O governador em exerc\u00edcio do Tocantins, deputado Antonio Andrade, participou nesta quarta-feira, 18, do encerramento dos trabalhos do Comit\u00ea Estadual de Combate aos Inc\u00eandios Florestais e Controle de Queimadas. A solenidade ocorreu no audit\u00f3rio do Pal\u00e1cio Araguaia e contou com a presen\u00e7a de autoridades, bem como de representantes de \u00f3rg\u00e3os e demais entidades que fizeram parte da a\u00e7\u00e3o.<\/p>\n\n\n\n<p>A partir de um extenso trabalho de preven\u00e7\u00e3o, fiscaliza\u00e7\u00e3o e combate aos inc\u00eandios, destaca-se que, neste ano, o Estado do Tocantins teve uma redu\u00e7\u00e3o de cerca de 12% no n\u00famero de focos de calor, quando comparado aos n\u00fameros do ano de 2019. Foram 13.281 focos de inc\u00eandios registrados em 2019, contra 11.770 registrados este ano.<\/p>\n\n\n\n<p>Para o governador em exerc\u00edcio, o saldo positivo \u00e9 fruto de um trabalho integrado entre as institui\u00e7\u00f5es que comp\u00f5em o Comit\u00ea do Fogo. \u201cO trabalho que voc\u00eas fizeram contribuiu para que a gente pudesse mostrar ao Brasil que, aqui no Tocantins, n\u00f3s fazemos o dever de casa. Enquanto governador em exerc\u00edcio, vamos dar continuidade ao trabalho realizado pelo governador Mauro Carlesse, a gente sabe a import\u00e2ncia de ter projetos e a\u00e7\u00f5es integradas, principalmente no combate ao fogo\u201d, destacou.<\/p>\n\n\n\n<p>O balan\u00e7o das opera\u00e7\u00f5es levou em conta o per\u00edodo de janeiro at\u00e9 o dia 25 de outubro. Com a redu\u00e7\u00e3o dos focos de calor, o Tocantins deixou o segundo lugar no ranking nacional de n\u00famero de inc\u00eandios florestais, passando a ocupar o 6\u00b0 lugar neste ano.<\/p>\n\n\n\n<p><strong>Capacita\u00e7\u00e3o<\/strong><\/p>\n\n\n\n<p>Para refor\u00e7ar o trabalho de combate ao fogo, foram capacitados 621 militares e brigadistas, sendo 328 brigadistas espalhados por 25 munic\u00edpios, 218 militares do 22\u00ba Batalh\u00e3o de Infantaria do Ex\u00e9rcito Brasileiro e mais 75 militares da Capitania Fluvial Araguaia-Tocantins.<\/p>\n\n\n\n<p>Al\u00e9m destes, 64 munic\u00edpios tamb\u00e9m firmaram um Termo de Compromisso para o combate \u00e0s queimadas, sendo que 46 institu\u00edram suas pr\u00f3prias frentes de brigadistas.<\/p>\n\n\n\n<p>O tenente-coronel Erisvaldo Alves, superintendente da Defesa Civil Estadual, comentou sobre o trabalho realizado neste ano. \u201cCome\u00e7amos com um ano bem at\u00edpico por conta da pandemia causada pelo&nbsp;novo Coronav\u00edrus, mas mesmo com essa quest\u00e3o do isolamento social, conseguimos fazer a\u00e7\u00f5es preventivas com os \u00f3rg\u00e3os estaduais, federais e municipais. Fizemos a forma\u00e7\u00e3o de brigadas, sempre com todos os cuidados com a sa\u00fade de nossos parceiros, fizemos muitas a\u00e7\u00f5es de fiscaliza\u00e7\u00e3o integrada com as For\u00e7as Armadas, que foram decisivas neste processo. Foram v\u00e1rias etapas que resultaram neste saldo positivo para o Estado\u201d, destacou o tenente-coronel.<\/p>\n\n\n\n<p>Durante a solenidade no audit\u00f3rio do Pal\u00e1cio Araguaia, o governador em exerc\u00edcio, deputado Antonio Andrade, entregou certificados aos brigadistas que atuaram no Comit\u00ea do Fogo, como forma de reconhecimento aos servi\u00e7os prestados.<\/p>\n\n\n\n<p>Pedro Paulo Xerente, brigadista ligado ao PrevFogo\/Ibama, que atua nas brigadas ind\u00edgenas da regi\u00e3o de Tocant\u00ednia, foi um dos que recebeu o certificado e comentou sobre as a\u00e7\u00f5es de preven\u00e7\u00e3o. \u201cA for\u00e7a em conjunto sempre d\u00e1 um resultado bem maior, s\u00e3o v\u00e1rias brigadas trabalhando de forma coletiva, como forma de diminuir o sofrimento e controlar os inc\u00eandios\u201d, pontuou o brigadista.<\/p>\n\n\n\n<p>O presidente do Naturatins, Sebasti\u00e3o Albuquerque, ressaltou o trabalho dos brigadistas que estiveram na linha de frente contra as queimadas. \u201cUm trabalho important\u00edssimo do Governo do Estado foi manter a brigada ativa o ano inteiro, mesmo na virada de 2019 e 2020. Agora, o nosso governador em exerc\u00edcio tamb\u00e9m autorizou a perman\u00eancia desse efetivo para o ano que vem, tudo isso para que possamos fazer a preven\u00e7\u00e3o da melhor forma poss\u00edvel\u201d, afirmou.<\/p>\n\n\n\n<p><strong>Ocorr\u00eancias e A\u00e7\u00f5es de fiscaliza\u00e7\u00e3o<\/strong><\/p>\n\n\n\n<p>Conforme o balan\u00e7o divulgado nesta quarta-feira, 18, as equipes que trabalham no atendimento de ocorr\u00eancias registraram 2.584 chamados, sendo 1.583 por meio do Corpo de Bombeiros, 357 por meio da Brigada PrevFogo\/Ibama, 226 por meio da brigada do Instituto Natureza do Tocantins (Naturatins) e 418 por meio das brigadas municipais.<\/p>\n\n\n\n<p>Al\u00e9m das ocorr\u00eancias, as equipes do Comit\u00ea do Fogo promoveram diariamente centenas de a\u00e7\u00f5es de fiscaliza\u00e7\u00e3o, que resultaram na aplica\u00e7\u00e3o de mais de R$ 4,6 milh\u00f5es em multas em todo o Estado.<\/p>\n\n\n\n<p>O trabalho foi executado por meio da Guarda Metropolitana Ambiental de Palmas (GMP\/Palmas), que registrou 18 autos e notifica\u00e7\u00f5es, somadas no valor de R$ 88.400,00. J\u00e1 o Naturatins firmou 266 autos e notifica\u00e7\u00f5es no valor em torno de R$ 4 milh\u00f5es.<\/p>\n\n\n\n<p>O Batalh\u00e3o de Pol\u00edcia Militar Ambiental (BPMA\/PMTO) tamb\u00e9m foi respons\u00e1vel pelas a\u00e7\u00f5es de fiscaliza\u00e7\u00e3o e registrou 34 autos e notifica\u00e7\u00f5es no valor de R$ 447 mil. Por fim, o Centro de Apoio \u00e0s Promotorias do Meio Ambiente (Caoma), ligado ao Minist\u00e9rio P\u00fablico do Tocantins (MPTO), instaurou 71 procedimentos e identificou mais de 5 mil im\u00f3veis com focos de calor por todo o Estado.<\/p>\n\n\n\n<p><strong>A\u00e7\u00f5es de \u00f3rg\u00e3os e entidades parceiras<\/strong><\/p>\n\n\n\n<p>Outra frente de trabalho desempenhada pelo Comit\u00ea do Fogo est\u00e1 na realiza\u00e7\u00e3o de a\u00e7\u00f5es efetivas de preven\u00e7\u00e3o aos inc\u00eandios, que foram desempenhadas por \u00f3rg\u00e3os e pastas ligadas ao Governo do Tocantins.<\/p>\n\n\n\n<p>Por meio do projeto Foco no Fogo, realizado pela Secretaria de Estado do Meio Ambiente e Recursos H\u00eddricos (Semarh), em parceria com o Naturatins e a Defesa Civil, foram realizadas 904 visitas em 14 munic\u00edpios do Estado, al\u00e9m&nbsp;de a\u00e7\u00f5es de orienta\u00e7\u00e3o voltadas \u00e0s escolas tocantinenses, com 56.816 alunos de 274 unidades escolares atendidas.<\/p>\n\n\n\n<p>Neste ano, a Semarh tamb\u00e9m instituiu novamente o Boletim Di\u00e1rio, que reuniu informa\u00e7\u00f5es sobre as condi\u00e7\u00f5es meteorol\u00f3gicas de f\u00e1cil interpreta\u00e7\u00e3o para o cidad\u00e3o. J\u00e1 a Secretaria de Estado da Comunica\u00e7\u00e3o (Secom) ficou respons\u00e1vel pela realiza\u00e7\u00e3o de campanhas informativas, buscando a conscientiza\u00e7\u00e3o do p\u00fablico sobre o tema.<\/p>\n\n\n\n<p>A Defesa Civil tamb\u00e9m atuou com a produ\u00e7\u00e3o de informa\u00e7\u00f5es e relat\u00f3rios, produzindo os Boletins Informativos com dados sobre temperatura, umidade relativa do ar, precipita\u00e7\u00e3o, n\u00edvel dos rios, vaz\u00e3o das Usinas Hidrel\u00e9tricas e queimadas no Estado do Tocantins.<\/p>\n\n\n\n<p><strong>Novos ve\u00edculos<\/strong><\/p>\n\n\n\n<p>Momentos antes de iniciar a solenidade com membros do Comit\u00ea do Fogo, o governador em exerc\u00edcio, deputado Antonio Andrade, promoveu o primeiro ato como gestor, entregando oito novas caminhonetes para composi\u00e7\u00e3o da frota do Naturatins.<\/p>\n\n\n\n<p>Os ve\u00edculos ser\u00e3o destinados \u00e0s regionais de Aragua\u00edna, Gurupi e tamb\u00e9m para a sede do \u00f3rg\u00e3o, localizada na capital, Palmas.<\/p>\n\n\n\n<p><strong>Institui\u00e7\u00f5es que comp\u00f5em o Comit\u00ea<\/strong><\/p>\n\n\n\n<p>O Comit\u00ea Estadual de Combate aos Inc\u00eandios Florestais e Controle de Queimadas \u00e9 composto pelos seguintes \u00f3rg\u00e3os: Defesa Civil Estadual, Semarh, Secom, Naturatins, Corpo de Bombeiros Militar do Tocantins (CBM\/TO), Secretaria de Estado da Agricultura, Pecu\u00e1ria e Aquicultura (Seagro), Secretaria de Estado da Sa\u00fade (SES); Secretaria de Estado da Educa\u00e7\u00e3o, Juventude e Esportes (Seduc); Ag\u00eancia Tocantinense de Transportes e Obras (Ageto); PrevFogo\/Ibama; Pol\u00edcia Militar do Tocantins (PM\/TO); Batalh\u00e3o de Pol\u00edcia Militar Ambiental (BPMA); 22\u00b0 Batalh\u00e3o de Infantaria do Ex\u00e9rcito Brasileiro; Centro de Apoio \u00e0s Promotorias do Meio Ambiente (Caoma) do Minist\u00e9rio P\u00fablico Estadual (MPE); Centro Integrado de Opera\u00e7\u00f5es A\u00e9reas (Ciopaer\/TO); Delegacia Especializada de Repress\u00e3o a Crimes contra o Meio Ambiente e Conflitos Agr\u00e1rios (Demag\/TO); Funda\u00e7\u00e3o Municipal de Meio Ambiente de Palmas (FMA); Guarda Metropolitana Ambiental (GMP) de Palmas; e Coordenadoria Municipal de Prote\u00e7\u00e3o e Defesa Civil de Palmas; Defesas Civis Municipais; Instituto Chico Mendes de Conserva\u00e7\u00e3o da Biodiversidade (ICMBio); Energisa; Ag\u00eancia de Defesa Agropecu\u00e1ria (Adapec); Instituto de Desenvolvimento Rural do Tocantins (Ruraltins), Centro de Monitoramento Ambiental e Manejo do Fogo (Cemaf\/UFT), BP Bunge, Capitania Fluvial do Araguaia-Tocantins, Departamento Nacional de Infraestrutura de Transportes (DNIT); Tribunal de Contas do Tocantins (TCE\/TO) e Associa\u00e7\u00e3o Tocantinense de Munic\u00edpios (ATM).<\/p>\n","protected":false},"excerpt":{"rendered":"<p>O governador em exerc\u00edcio do Tocantins, deputado Antonio Andrade, participou nesta quarta-feira, 18, do encerramento dos trabalhos do Comit\u00ea Estadual de Combate aos Inc\u00eandios Florestais e Controle de Queimadas. A solenidade ocorreu no audit\u00f3rio do Pal\u00e1cio Araguaia e contou com a presen\u00e7a de autoridades, bem como de representantes de \u00f3rg\u00e3os e demais entidades que fizeram [&hellip;]<\/p>\n","protected":false},"author":2,"featured_media":7000,"comment_status":"open","ping_status":"open","sticky":false,"template":"","format":"standard","meta":[],"categories":[3],"tags":[],"_links":{"self":[{"href":"https:\/\/dgospel.com.br\/portal\/index.php\/wp-json\/wp\/v2\/posts\/6999"}],"collection":[{"href":"https:\/\/dgospel.com.br\/portal\/index.php\/wp-json\/wp\/v2\/posts"}],"about":[{"href":"https:\/\/dgospel.com.br\/portal\/index.php\/wp-json\/wp\/v2\/types\/post"}],"author":[{"embeddable":true,"href":"https:\/\/dgospel.com.br\/portal\/index.php\/wp-json\/wp\/v2\/users\/2"}],"replies":[{"embeddable":true,"href":"https:\/\/dgospel.com.br\/portal\/index.php\/wp-json\/wp\/v2\/comments?post=6999"}],"version-history":[{"count":1,"href":"https:\/\/dgospel.com.br\/portal\/index.php\/wp-json\/wp\/v2\/posts\/6999\/revisions"}],"predecessor-version":[{"id":7001,"href":"https:\/\/dgospel.com.br\/portal\/index.php\/wp-json\/wp\/v2\/posts\/6999\/revisions\/7001"}],"wp:featuredmedia":[{"embeddable":true,"href":"https:\/\/dgospel.com.br\/portal\/index.php\/wp-json\/wp\/v2\/media\/7000"}],"wp:attachment":[{"href":"https:\/\/dgospel.com.br\/portal\/index.php\/wp-json\/wp\/v2\/media?parent=6999"}],"wp:term":[{"taxonomy":"category","embeddable":true,"href":"https:\/\/dgospel.com.br\/portal\/index.php\/wp-json\/wp\/v2\/categories?post=6999"},{"taxonomy":"post_tag","embeddable":true,"href":"https:\/\/dgospel.com.br\/portal\/index.php\/wp-json\/wp\/v2\/tags?post=6999"}],"curies":[{"name":"wp","href":"https:\/\/api.w.org\/{rel}","templated":true}]}}