{"id":700,"date":"2018-07-04T12:02:14","date_gmt":"2018-07-04T15:02:14","guid":{"rendered":"http:\/\/dgospel.com.br\/portal\/?p=700"},"modified":"2018-07-04T12:02:14","modified_gmt":"2018-07-04T15:02:14","slug":"justica-suspende-decreto-de-prefeito-que-entregou-chave-de-cidade-a-jesus","status":"publish","type":"post","link":"https:\/\/dgospel.com.br\/portal\/index.php\/2018\/07\/04\/justica-suspende-decreto-de-prefeito-que-entregou-chave-de-cidade-a-jesus\/","title":{"rendered":"Justi\u00e7a suspende decreto de prefeito que entregou \u2018chave de cidade a Jesus\u2019"},"content":{"rendered":"<p>O decreto que entregava a Deus a\u00a0<a href=\"https:\/\/guiame.com.br\/gospel\/mundo-cristao\/na-marcha-para-jesus-em-fortaleza-pastor-recebe-chave-da-cidade-expressao-de-poder.html\"><strong>chave da cidade<\/strong><\/a>\u00a0de Guanambi, no sudoeste da Bahia, assinado pelo prefeito Jairo Silveira Magalh\u00e3es, foi suspenso pela Justi\u00e7a.<\/p>\n<p>A suspens\u00e3o do decreto foi solicitada pelo Minist\u00e9rio P\u00fablico estadual (MP-BA) sob a alega\u00e7\u00e3o de que o documento afronta os princ\u00edpios constitucionais da Carta Magna e da Constitui\u00e7\u00e3o estadual, que asseguram a\u00a0<a href=\"https:\/\/guiame.com.br\/gospel\/mundo-cristao\/o-estado-que-promove-secularizacao-nao-e-laico-e-secularista.html\"><strong>laicidade do Estado<\/strong><\/a>\u00a0e os direitos fundamentais \u00e0 liberdade de consci\u00eancia, de cren\u00e7a e \u00e0 liberdade de culto religioso.<\/p>\n<p>De acordo com o desembargador Ivanilton Santos da Silva, \u201cpor enquanto, o que salta aos olhos \u00e9 que o decreto em quest\u00e3o se utiliza da m\u00e1quina administrativa para manifestar dogmas e cren\u00e7as, levando a crer que o Estado, naquela manifesta\u00e7\u00e3o municipal, repudia outras cren\u00e7as e valores religiosos, o que pode ser um comportamento atualmente temer\u00e1rio e inadmiss\u00edvel\u201d.<\/p>\n<p>A assessoria de comunica\u00e7\u00e3o da prefeitura de Guanambi informou ao G1 que ainda n\u00e3o foi notificada oficialmente, mas que vai recorrer da decis\u00e3o.<\/p>\n<p>O decreto do prefeito Jairo Magalh\u00e3es foi publicado no primeiro dia \u00fatil de 2017, em 2 de janeiro, logo ap\u00f3s assumir o cargo. O documento que declara a \u201centrega da chave da cidade ao Senhor Jesus Cristo\u201d foi seu primeiro ato \u00e0 frente da prefeitura.<\/p>\n<div class=\"content-article\">\n<p>Eleito com pouco mais de 50% dos votos em primeiro turno, Jairo j\u00e1 foi vereador, presidente da C\u00e2mara de Vereadores e vice-prefeito de Guanambi.<\/p>\n<p>O documento ainda declara que &#8220;todos os principados, potestades, governadores deste mundo tenebroso, e as for\u00e7as espirituais do mal, nesta cidade, estar\u00e3o sujeitas ao senhor Jesus Cristo de Nazar\u00e9&#8221;, e cancela \u201ctodos os pactos realizados com qualquer outro deus ou entidades espirituais&#8221;.<\/p>\n<p>O MP recomendou a revoga\u00e7\u00e3o do decreto logo ap\u00f3s sua divulga\u00e7\u00e3o. Na ocasi\u00e3o, o prefeito, que \u00e9 evang\u00e9lico, esclareceu que seu ato n\u00e3o discrimina outras religi\u00f5es e que a inten\u00e7\u00e3o n\u00e3o foi promover debates religiosos.<\/p>\n<p>Em nota, o gestor de Guanambi informou que a publica\u00e7\u00e3o \u201cn\u00e3o teve a inten\u00e7\u00e3o de ferir a laicidade e que foi inspirada no pre\u00e2mbulo do texto constitucional, que invoca o nome de Deus\u201d. Ele destacou que sua obriga\u00e7\u00e3o \u00e9 \u201cgovernar para todos, primando pelo di\u00e1logo inter-religioso, sem distin\u00e7\u00e3o de qualquer natureza\u201d.<\/p>\n<\/div>\n<div class=\"pure-g\">\n<div class=\"social-network-count pure-u-1-1 pure-u-lg-1-2 pure-u-md-1-2 pure-u-sm-1-2\"><\/div>\n<\/div>\n<p>FONTE: GUIAME, COM INFORMA\u00c7\u00d5ES DE G1<\/p>\n","protected":false},"excerpt":{"rendered":"<p>O decreto que entregava a Deus a\u00a0chave da cidade\u00a0de Guanambi, no sudoeste da Bahia, assinado pelo prefeito Jairo Silveira Magalh\u00e3es, foi suspenso pela Justi\u00e7a. A suspens\u00e3o do decreto foi solicitada pelo Minist\u00e9rio P\u00fablico estadual (MP-BA) sob a alega\u00e7\u00e3o de que o documento afronta os princ\u00edpios constitucionais da Carta Magna e da Constitui\u00e7\u00e3o estadual, que asseguram [&hellip;]<\/p>\n","protected":false},"author":2,"featured_media":701,"comment_status":"open","ping_status":"open","sticky":false,"template":"","format":"standard","meta":[],"categories":[2,10,5],"tags":[],"_links":{"self":[{"href":"https:\/\/dgospel.com.br\/portal\/index.php\/wp-json\/wp\/v2\/posts\/700"}],"collection":[{"href":"https:\/\/dgospel.com.br\/portal\/index.php\/wp-json\/wp\/v2\/posts"}],"about":[{"href":"https:\/\/dgospel.com.br\/portal\/index.php\/wp-json\/wp\/v2\/types\/post"}],"author":[{"embeddable":true,"href":"https:\/\/dgospel.com.br\/portal\/index.php\/wp-json\/wp\/v2\/users\/2"}],"replies":[{"embeddable":true,"href":"https:\/\/dgospel.com.br\/portal\/index.php\/wp-json\/wp\/v2\/comments?post=700"}],"version-history":[{"count":1,"href":"https:\/\/dgospel.com.br\/portal\/index.php\/wp-json\/wp\/v2\/posts\/700\/revisions"}],"predecessor-version":[{"id":702,"href":"https:\/\/dgospel.com.br\/portal\/index.php\/wp-json\/wp\/v2\/posts\/700\/revisions\/702"}],"wp:featuredmedia":[{"embeddable":true,"href":"https:\/\/dgospel.com.br\/portal\/index.php\/wp-json\/wp\/v2\/media\/701"}],"wp:attachment":[{"href":"https:\/\/dgospel.com.br\/portal\/index.php\/wp-json\/wp\/v2\/media?parent=700"}],"wp:term":[{"taxonomy":"category","embeddable":true,"href":"https:\/\/dgospel.com.br\/portal\/index.php\/wp-json\/wp\/v2\/categories?post=700"},{"taxonomy":"post_tag","embeddable":true,"href":"https:\/\/dgospel.com.br\/portal\/index.php\/wp-json\/wp\/v2\/tags?post=700"}],"curies":[{"name":"wp","href":"https:\/\/api.w.org\/{rel}","templated":true}]}}