{"id":7002,"date":"2020-11-20T12:37:41","date_gmt":"2020-11-20T15:37:41","guid":{"rendered":"http:\/\/dgospel.com.br\/portal\/?p=7002"},"modified":"2020-11-20T12:37:43","modified_gmt":"2020-11-20T15:37:43","slug":"aline-barros-vence-o-grammy-latino-2020-e-agradece-a-deus","status":"publish","type":"post","link":"https:\/\/dgospel.com.br\/portal\/index.php\/2020\/11\/20\/aline-barros-vence-o-grammy-latino-2020-e-agradece-a-deus\/","title":{"rendered":"Aline Barros vence o Grammy Latino 2020 e agradece a Deus"},"content":{"rendered":"\n<p> Nesta quinta-feira (19), a cantora Aline Barros conquistou o pr\u00eamio de Melhor \u00c1lbum de M\u00fasica Crist\u00e3 em L\u00edngua Portuguesa, no Grammy Latino 2020. Por meio de suas redes sociais, ela agradeceu a Deus por mais uma conquista. <\/p>\n\n\n\n<p> \u2013 Gl\u00f3ria a Deus! Que alegria compartilhar com voc\u00eas mais essa enorme honra! O nome de Jesus seja sempre louvado! Toda honra, toda gl\u00f3ria, todo o louvor sejam dados ao nosso rei, Jesus \u2013 declarou. <\/p>\n\n\n\n<p>A artista tamb\u00e9m agradeceu a toda a equipe envolvida em seu projeto musical, e destacou o apoio constante de sua fam\u00edlia e igreja.<\/p>\n\n\n\n<p>Aline concorreu com Daniela Ara\u00fajo, Minist\u00e9rio Mergulhar, Padre Marcelo Rossi e Eli Soares.<\/p>\n\n\n\n<p>Confira, abaixo, a lista de todos os indicados brasileiros e saiba quem mais conquistou o pr\u00eamio:<\/p>\n\n\n\n<p><strong>Melhor \u00c1lbum de M\u00fasica Crist\u00e3 em L\u00edngua Portuguesa<\/strong><br>Catarse \u2013 Lado A \u2013 Daniela Ara\u00fajo<br>Reino \u2013 Aline Barros<strong>&nbsp;(VENCEU)<\/strong><br>Profundo \u2013 Minist\u00e9rio Mergulhar<br>Maria Passa \u00c0 Frente \u2013 Padre Marcelo Rossi<br>Mem\u00f3rias II (Ao Vivo em Belo Horizonte) \u2013 Eli Soares<\/p>\n\n\n\n<p><strong>Melhor \u00c1lbum de Pop Contempor\u00e2neo em L\u00edngua Portuguesa<\/strong><br>N \u2013 AnaVit\u00f3ria<br>Enquanto Estamos Distantes \u2013 As Bahias e a Cozinha Mineira<br>Apk\u00e1! \u2013 C\u00e9u&nbsp;<strong>(VENCEU)<\/strong><br>Guaia \u2013 Marcelo Jeneci<br>Eu \u2013 Melim Featuring Voc\u00ea<\/p>\n\n\n\n<p><strong>Melhor \u00c1lbum de Rock ou de M\u00fasica Alternativa em L\u00edngua Portuguesa<\/strong><br>AmarElo \u2013 Emicida&nbsp;<strong>(VENCEU)<\/strong><br>Little Electric Chicken Heart \u2013 Ana Frango El\u00e9trico<br>Letrux Aos Prantos \u2013 Letrux<br>Universo do Canto Falado \u2013 Rapadura<br>Na M\u00e3o As Flores \u2013 Suricato<\/p>\n\n\n\n<p><strong>Melhor \u00c1lbum de Samba\/Pagode<\/strong><br>Mangueira \u2013 A Menina dos Meus Olhos \u2013 Maria Beth\u00e2nia<br>Martinho 8.0 \u2013 Bandeira da F\u00e9: Um Concerto \u2013 Martinho da Vila<br>Samba Jazz de Raiz, Cl\u00e1udio Jorge 70 \u2013 Cl\u00e1udio Jorge&nbsp;<strong>(VENCEU)<\/strong><br>Fazendo Samba \u2013 Moacyr Luz e Samba do Trabalhador<br>Mais Feliz \u2013 Zeca Pagodinho<\/p>\n\n\n\n<p><strong>Melhor \u00c1lbum de M\u00fasica Popular Brasileira<\/strong><br>O Amor no Caos \u2013 Volume 2 \u2013 Zeca Baleiro<br>Belo Horizonte \u2013 Toninho Horta &amp; Orquestra Fantasma&nbsp;<strong>(VENCEU)<\/strong><br>Bloco na Rua (Deluxe) \u2013 Ney Matogrosso<br>Planeta Fome \u2013 Elza Soares<br>Caetano Veloso &amp; Ivan Sacerdote \u2013 Caetano Veloso &amp; Ivan Sacerdote<\/p>\n\n\n\n<p><strong>Melhor \u00c1lbum de M\u00fasica Sertaneja<\/strong><br>#Isso \u00e9 Churrasco (Ao Vivo | Deluxe) \u2013 Fernando &amp; Sorocaba<br>Origens (Ao Vivo em Sete Lagoas) \u2013 Paula Fernandes&nbsp;<strong>(VENCEU)<\/strong><br>Livre \u2013 Volume 1 \u2013 Lauana Prado<br>Churrasco do Tel\u00f3 \u2013 Volume 2 \u2013 Michel Tel\u00f3<br>Por Mais Beijos Ao Vivo \u2013 Z\u00e9 Neto &amp; Cristiano<\/p>\n\n\n\n<p><strong>Melhor \u00c1lbum de M\u00fasica de Ra\u00edzes em L\u00edngua Portuguesa<\/strong><br>Veia Nordestina \u2013 Mariana Aydar&nbsp;<strong>(VENCEU)<\/strong><br>Aqui Est\u00e1-se Sossegando \u2013 Caman\u00e9 &amp; M\u00e1rio Laginha<br>Acaso Casa Ao Vivo \u2013 Mariene De Castro e Alm\u00e9rio<br>Targino Sem Limites \u2013 Targino Gondim<br>Obatal\u00e1 \u2013 Uma Homenagem a M\u00e3e Carmen \u2013 Grupo Ofa<br>Aut\u00eantica \u2013 Margareth Menezes<\/p>\n\n\n\n<p><strong>Melhor Can\u00e7\u00e3o em L\u00edngua Portuguesa<\/strong><br>A Tal Can\u00e7\u00e3o Pra Lua (Microfonando) \u2013 Vitor Kley e Samuel Rosa<br>Abric\u00f3-de-macaco \u2013 Jo\u00e3o Bosco&nbsp;<strong>(VENCEU)<\/strong><br>AmarElo \u2013 Emicida feat Majur e Pabllo Vittar<br>Liberta\u00e7\u00e3o \u2013 Elza Soares &amp; BaianaSystem feat Virg\u00ednia Rodrigues<br>Pardo \u2013 C\u00e9u<\/p>\n","protected":false},"excerpt":{"rendered":"<p>Nesta quinta-feira (19), a cantora Aline Barros conquistou o pr\u00eamio de Melhor \u00c1lbum de M\u00fasica Crist\u00e3 em L\u00edngua Portuguesa, no Grammy Latino 2020. Por meio de suas redes sociais, ela agradeceu a Deus por mais uma conquista. \u2013 Gl\u00f3ria a Deus! Que alegria compartilhar com voc\u00eas mais essa enorme honra! O nome de Jesus seja [&hellip;]<\/p>\n","protected":false},"author":2,"featured_media":7003,"comment_status":"open","ping_status":"open","sticky":false,"template":"","format":"standard","meta":[],"categories":[17,5],"tags":[],"_links":{"self":[{"href":"https:\/\/dgospel.com.br\/portal\/index.php\/wp-json\/wp\/v2\/posts\/7002"}],"collection":[{"href":"https:\/\/dgospel.com.br\/portal\/index.php\/wp-json\/wp\/v2\/posts"}],"about":[{"href":"https:\/\/dgospel.com.br\/portal\/index.php\/wp-json\/wp\/v2\/types\/post"}],"author":[{"embeddable":true,"href":"https:\/\/dgospel.com.br\/portal\/index.php\/wp-json\/wp\/v2\/users\/2"}],"replies":[{"embeddable":true,"href":"https:\/\/dgospel.com.br\/portal\/index.php\/wp-json\/wp\/v2\/comments?post=7002"}],"version-history":[{"count":1,"href":"https:\/\/dgospel.com.br\/portal\/index.php\/wp-json\/wp\/v2\/posts\/7002\/revisions"}],"predecessor-version":[{"id":7004,"href":"https:\/\/dgospel.com.br\/portal\/index.php\/wp-json\/wp\/v2\/posts\/7002\/revisions\/7004"}],"wp:featuredmedia":[{"embeddable":true,"href":"https:\/\/dgospel.com.br\/portal\/index.php\/wp-json\/wp\/v2\/media\/7003"}],"wp:attachment":[{"href":"https:\/\/dgospel.com.br\/portal\/index.php\/wp-json\/wp\/v2\/media?parent=7002"}],"wp:term":[{"taxonomy":"category","embeddable":true,"href":"https:\/\/dgospel.com.br\/portal\/index.php\/wp-json\/wp\/v2\/categories?post=7002"},{"taxonomy":"post_tag","embeddable":true,"href":"https:\/\/dgospel.com.br\/portal\/index.php\/wp-json\/wp\/v2\/tags?post=7002"}],"curies":[{"name":"wp","href":"https:\/\/api.w.org\/{rel}","templated":true}]}}