{"id":7008,"date":"2020-11-23T09:09:55","date_gmt":"2020-11-23T12:09:55","guid":{"rendered":"http:\/\/dgospel.com.br\/portal\/?p=7008"},"modified":"2020-11-23T09:09:57","modified_gmt":"2020-11-23T12:09:57","slug":"prefeitura-notificara-responsaveis-por-empreendimentos-irregulares-na-proxima-segunda-feira-23-na-capital","status":"publish","type":"post","link":"https:\/\/dgospel.com.br\/portal\/index.php\/2020\/11\/23\/prefeitura-notificara-responsaveis-por-empreendimentos-irregulares-na-proxima-segunda-feira-23-na-capital\/","title":{"rendered":"Prefeitura notificar\u00e1 respons\u00e1veis por empreendimentos irregulares na pr\u00f3xima segunda-feira, 23, na Capital"},"content":{"rendered":"\n<p>Na pr\u00f3xima segunda-feira, 23, \u00e0s 14 horas, a Prefeitura de Palmas, por meio Secretaria Municipal de Desenvolvimento Urbano (Sedusr), far\u00e1 a inspe\u00e7\u00e3o e notifica\u00e7\u00e3o de ambulantes que ocuparam irregularmente uma \u00c1rea P\u00fablica Municipal (APM), pr\u00f3ximo \u00e0 Avenida Teot\u00f4nio Segurado com a LO-27, nas imedia\u00e7\u00f5es do Hospital do Amor.<\/p>\n\n\n\n<p>As equipes de fiscaliza\u00e7\u00e3o ir\u00e3o orientar e notificar os respons\u00e1veis que est\u00e3o em desacordo com as diretrizes urban\u00edsticas municipais, ocupando indevidamente \u00e1reas p\u00fablicas, sem as condi\u00e7\u00f5es legais para o seu fim.&nbsp;&nbsp;&#8212;\n\n<\/p>\n","protected":false},"excerpt":{"rendered":"<p>Na pr\u00f3xima segunda-feira, 23, \u00e0s 14 horas, a Prefeitura de Palmas, por meio Secretaria Municipal de Desenvolvimento Urbano (Sedusr), far\u00e1 a inspe\u00e7\u00e3o e notifica\u00e7\u00e3o de ambulantes que ocuparam irregularmente uma \u00c1rea P\u00fablica Municipal (APM), pr\u00f3ximo \u00e0 Avenida Teot\u00f4nio Segurado com a LO-27, nas imedia\u00e7\u00f5es do Hospital do Amor. As equipes de fiscaliza\u00e7\u00e3o ir\u00e3o orientar e [&hellip;]<\/p>\n","protected":false},"author":2,"featured_media":7009,"comment_status":"open","ping_status":"open","sticky":false,"template":"","format":"standard","meta":[],"categories":[3],"tags":[],"_links":{"self":[{"href":"https:\/\/dgospel.com.br\/portal\/index.php\/wp-json\/wp\/v2\/posts\/7008"}],"collection":[{"href":"https:\/\/dgospel.com.br\/portal\/index.php\/wp-json\/wp\/v2\/posts"}],"about":[{"href":"https:\/\/dgospel.com.br\/portal\/index.php\/wp-json\/wp\/v2\/types\/post"}],"author":[{"embeddable":true,"href":"https:\/\/dgospel.com.br\/portal\/index.php\/wp-json\/wp\/v2\/users\/2"}],"replies":[{"embeddable":true,"href":"https:\/\/dgospel.com.br\/portal\/index.php\/wp-json\/wp\/v2\/comments?post=7008"}],"version-history":[{"count":1,"href":"https:\/\/dgospel.com.br\/portal\/index.php\/wp-json\/wp\/v2\/posts\/7008\/revisions"}],"predecessor-version":[{"id":7010,"href":"https:\/\/dgospel.com.br\/portal\/index.php\/wp-json\/wp\/v2\/posts\/7008\/revisions\/7010"}],"wp:featuredmedia":[{"embeddable":true,"href":"https:\/\/dgospel.com.br\/portal\/index.php\/wp-json\/wp\/v2\/media\/7009"}],"wp:attachment":[{"href":"https:\/\/dgospel.com.br\/portal\/index.php\/wp-json\/wp\/v2\/media?parent=7008"}],"wp:term":[{"taxonomy":"category","embeddable":true,"href":"https:\/\/dgospel.com.br\/portal\/index.php\/wp-json\/wp\/v2\/categories?post=7008"},{"taxonomy":"post_tag","embeddable":true,"href":"https:\/\/dgospel.com.br\/portal\/index.php\/wp-json\/wp\/v2\/tags?post=7008"}],"curies":[{"name":"wp","href":"https:\/\/api.w.org\/{rel}","templated":true}]}}