{"id":7011,"date":"2020-11-23T09:23:34","date_gmt":"2020-11-23T12:23:34","guid":{"rendered":"http:\/\/dgospel.com.br\/portal\/?p=7011"},"modified":"2020-11-23T09:23:36","modified_gmt":"2020-11-23T12:23:36","slug":"bolsonaro-pede-a-deus-sabedoria-para-bem-conduzir-o-brasil","status":"publish","type":"post","link":"https:\/\/dgospel.com.br\/portal\/index.php\/2020\/11\/23\/bolsonaro-pede-a-deus-sabedoria-para-bem-conduzir-o-brasil\/","title":{"rendered":"Bolsonaro pede a Deus sabedoria para \u201cbem conduzir\u201d o Brasil"},"content":{"rendered":"\n<p>O presidente Jair Bolsonaro utilizou suas redes sociais, neste domingo (22), para celebrar a Festa de Cristo Rei. Em sua conta do Twitter, ele publicou um vers\u00edculo e pediu a Deus que lhe d\u00ea \u201cfor\u00e7a e sabedoria para bem conduzir a na\u00e7\u00e3o\u201d.<\/p>\n\n\n\n<p> \u2013 Festa de Cristo Rei. \u201cTu o dizes, eu sou rei. Para isso nasci e vim ao mundo, para dar testemunho da verdade. Todo aquele que \u00e9 da verdade escuta minha voz\u201d (J\u00f3 18,37). Pe\u00e7o a Deus que nos d\u00ea for\u00e7a e sabedoria para bem conduzir a na\u00e7\u00e3o. Viva Cristo Rei! \u2013 escreveu. <\/p>\n\n\n\n<p><\/p>\n\n\n\n<figure class=\"wp-block-image\"><img src=\"https:\/\/static.cdn.pleno.news\/2020\/11\/Bolso.png\" alt=\"\" class=\"wp-image-609141\"\/><\/figure>\n","protected":false},"excerpt":{"rendered":"<p>O presidente Jair Bolsonaro utilizou suas redes sociais, neste domingo (22), para celebrar a Festa de Cristo Rei. Em sua conta do Twitter, ele publicou um vers\u00edculo e pediu a Deus que lhe d\u00ea \u201cfor\u00e7a e sabedoria para bem conduzir a na\u00e7\u00e3o\u201d. \u2013 Festa de Cristo Rei. \u201cTu o dizes, eu sou rei. Para isso [&hellip;]<\/p>\n","protected":false},"author":2,"featured_media":7012,"comment_status":"open","ping_status":"open","sticky":false,"template":"","format":"standard","meta":[],"categories":[4],"tags":[13,14],"_links":{"self":[{"href":"https:\/\/dgospel.com.br\/portal\/index.php\/wp-json\/wp\/v2\/posts\/7011"}],"collection":[{"href":"https:\/\/dgospel.com.br\/portal\/index.php\/wp-json\/wp\/v2\/posts"}],"about":[{"href":"https:\/\/dgospel.com.br\/portal\/index.php\/wp-json\/wp\/v2\/types\/post"}],"author":[{"embeddable":true,"href":"https:\/\/dgospel.com.br\/portal\/index.php\/wp-json\/wp\/v2\/users\/2"}],"replies":[{"embeddable":true,"href":"https:\/\/dgospel.com.br\/portal\/index.php\/wp-json\/wp\/v2\/comments?post=7011"}],"version-history":[{"count":1,"href":"https:\/\/dgospel.com.br\/portal\/index.php\/wp-json\/wp\/v2\/posts\/7011\/revisions"}],"predecessor-version":[{"id":7013,"href":"https:\/\/dgospel.com.br\/portal\/index.php\/wp-json\/wp\/v2\/posts\/7011\/revisions\/7013"}],"wp:featuredmedia":[{"embeddable":true,"href":"https:\/\/dgospel.com.br\/portal\/index.php\/wp-json\/wp\/v2\/media\/7012"}],"wp:attachment":[{"href":"https:\/\/dgospel.com.br\/portal\/index.php\/wp-json\/wp\/v2\/media?parent=7011"}],"wp:term":[{"taxonomy":"category","embeddable":true,"href":"https:\/\/dgospel.com.br\/portal\/index.php\/wp-json\/wp\/v2\/categories?post=7011"},{"taxonomy":"post_tag","embeddable":true,"href":"https:\/\/dgospel.com.br\/portal\/index.php\/wp-json\/wp\/v2\/tags?post=7011"}],"curies":[{"name":"wp","href":"https:\/\/api.w.org\/{rel}","templated":true}]}}