{"id":7023,"date":"2020-11-23T10:29:30","date_gmt":"2020-11-23T13:29:30","guid":{"rendered":"http:\/\/dgospel.com.br\/portal\/?p=7023"},"modified":"2020-11-23T10:29:31","modified_gmt":"2020-11-23T13:29:31","slug":"policia-civil-do-tocantins-deflagra-2a-fase-da-operacao-rosetta-contra-membros-de-organizacao-criminosa","status":"publish","type":"post","link":"https:\/\/dgospel.com.br\/portal\/index.php\/2020\/11\/23\/policia-civil-do-tocantins-deflagra-2a-fase-da-operacao-rosetta-contra-membros-de-organizacao-criminosa\/","title":{"rendered":"Pol\u00edcia Civil do Tocantins deflagra 2\u00aa fase da opera\u00e7\u00e3o Rosetta contra membros de organiza\u00e7\u00e3o criminosa"},"content":{"rendered":"\n<p>A Pol\u00edcia Civil do Tocantins, por meio da 1\u00aa Divis\u00e3o Especializada de Repress\u00e3o ao Crime Organizado (1\u00aa Deic Palmas), deflagrou na manh\u00e3 desta segunda-feira, 23, a segunda fase da opera\u00e7\u00e3o Rosetta&nbsp;contra membros de uma organiza\u00e7\u00e3o criminosa. Objetivo \u00e9 cumprir 22 mandados de pris\u00e3o preventiva e 32 mandados de busca e apreens\u00e3o em cidades do Tocantins, Rio Grande do Sul e S\u00e3o Paulo.<\/p>\n\n\n\n<p>No Tocantins, os mandados est\u00e3o sendo cumpridos nas cidades de Palmas, Para\u00edso do Tocantins, Cristal\u00e2ndia, Duer\u00e9, Alian\u00e7a do Tocantins, Colinas e Aragua\u00edna. No Rio grande do Sul, uma pessoa foi presa na cidade de Taquara. E em S\u00e3o Paulo, as buscas foram feitas na segunda maior favela da zona leste de S\u00e3o Paulo, reduto da fac\u00e7\u00e3o paulista na cidade.<\/p>\n\n\n\n<p><strong>Mar\u00e7o Violento<\/strong><\/p>\n\n\n\n<p>A primeira etapa de investiga\u00e7\u00e3o, deflagrada em outubro do ano passado, objetivou a desarticula\u00e7\u00e3o da c\u00fapula feminina da fac\u00e7\u00e3o (\u00e0 \u00e9poca, 14 mulheres l\u00edderes da organiza\u00e7\u00e3o criminosa foram presas). Nesta segunda fase e a partir da an\u00e1lise do material colhido na fase inicial da opera\u00e7\u00e3o, os policiais civis da 1\u00aa Deic&nbsp;Palmas angariaram elementos contra os membros da faceta masculina da fac\u00e7\u00e3o, respons\u00e1vel por v\u00e1rios homic\u00eddios em Palmas e tantos outros crimes violentos na capital.&nbsp;<\/p>\n\n\n\n<p>Conforme o delegado-chefe da 1\u00aa Deic Palmas e coordenador da opera\u00e7\u00e3o, Eduardo Meneses, a opera\u00e7\u00e3o desta segunda-feira \u00e9 uma resposta da Pol\u00edcia Civil ao violento m\u00eas de mar\u00e7o deste ano, quando foram registrados vinte homic\u00eddios, oito em \u00fanico final de semana. Segundo o Delegado, um dos integrantes da fac\u00e7\u00e3o respons\u00e1vel por coordenar esses ataques foi preso em Palmas durante a a\u00e7\u00e3o policial desencadeada nesta segunda-feira.<\/p>\n\n\n\n<p>O Delegado explica que a investiga\u00e7\u00e3o apontou tamb\u00e9m um poder a\u00e7\u00e3o cada vez mais abrangente da fac\u00e7\u00e3o. \u201cEla expandiu seu poder de atua\u00e7\u00e3o para mais diversas modalidades criminosas, ficando respons\u00e1vel, assim, por boa parte do crimes violentos em Palmas e nas demais cidades do interior do Estado\u201d, observou. &nbsp;<\/p>\n\n\n\n<p>Conforme investigado, os dirigentes da organiza\u00e7\u00e3o criminosa perceberam que seria muito mais interessante financeiramente n\u00e3o se limitar ao com\u00e9rcio de drogas (sua principal geradora de recursos financeiros). Viram que se voltassem para a pr\u00e1tica de crimes patrimoniais, em especial roubos a resid\u00eancias de luxos e ataques contra estabelecimentos banc\u00e1rios, seria mais uma poderosa fonte renda para o bando.&nbsp;<\/p>\n\n\n\n<p>Durante o per\u00edodo de trabalho investigativo foi identificada uma conta banc\u00e1ria de S\u00e3o Paulo que recebia boa parte dos valores oriunda de todas essas pr\u00e1ticas criminosas. Um dos presos na opera\u00e7\u00e3o foi um dos respons\u00e1veis pela fuga na Casa de Pris\u00e3o Provis\u00f3ria de Guara\u00ed, em mar\u00e7o deste ano. Na ocasi\u00e3o, o fugitivo levou fuzis da unidade prisional e fez um agente penitenci\u00e1rio ref\u00e9m.<\/p>\n\n\n\n<p><strong>Cargos<\/strong><\/p>\n\n\n\n<p>As principais lideran\u00e7as atuantes no Tocantins, os chamados \u201cGerais\u201d, foram presos na opera\u00e7\u00e3o desta segunda-feira. Cita-se, dentre as figuras de maior envergadura, a pris\u00e3o do \u201cGeral do Estado, Geral do Progresso, Geral da Capital, Geral do Interior, Geral da Rua, Geral da Oeste, Geral Da Sul, Geral da Norte, Geral de Porto Nacional, o Salveiro, entre outros cargos.<\/p>\n\n\n\n<p><strong>Opera\u00e7\u00e3o<\/strong><\/p>\n\n\n\n<p>A opera\u00e7\u00e3o contou com a presen\u00e7a de cerca de 200 policiais civis. No Tocantins, participaram os efetivos da Diretoria de Repress\u00e3o ao Crime Organizado (Dracco) e das divis\u00f5es a ela subordinadas como as Deics de Palmas, Para\u00edso do Tocantins, Gurupi e Aragua\u00edna; Delegacias de Pol\u00edcia de Cristal\u00e2ndia, Duer\u00e9, Alian\u00e7a do Tocantins e Colinas. Al\u00e9m dos efetivos do Grupo Operacional T\u00e1tico Especial (Gote) e do Centro Integrado de Opera\u00e7\u00f5es A\u00e9reas (Ciopaer). No Rio Grande do Sul, a participa\u00e7\u00e3o foi dos policiais do setor de investiga\u00e7\u00f5es da Delegacia de Taquara e das delegacias de Parob\u00e9, Igrejinha e Tr\u00eas Coroas. Em S\u00e3o Paulo, o apoio ficou por conta dos policiais civis da 5\u00aa Delegacia de Investiga\u00e7\u00e3o sobre Roubos a Bancos.<\/p>\n\n\n\n<p>O nome Rosetta refere-se \u00e0 Rosetta Cutolo, irm\u00e3 de Rafaelle Cutolo, chefe da Nuova camorra Organizatta, uma fac\u00e7\u00e3o criminosa de atua\u00e7\u00e3o na It\u00e1lia. Rosetta teria orquestrado, em 1978, a fuga com requintes de fic\u00e7\u00e3o cinematogr\u00e1fica a fuga de seu irm\u00e3o de uma unidade hospitalar psiqui\u00e1trica. At\u00e9 aquele momento, n\u00e3o se tinha registros da participa\u00e7\u00e3o feminina em altos cargos de decis\u00e3o e gerenciamento de organiza\u00e7\u00f5es criminosas. O nome foi mantido nesta segunda etapa da investiga\u00e7\u00e3o porque a partir das pris\u00f5es das mulheres em outubro chegou-se \u00e0 c\u00fapula masculina presa hoje.<\/p>\n\n\n\n<p>A hierarquia da fac\u00e7\u00e3o e a transcri\u00e7\u00e3o dos \u00e1udios est\u00e1 dispon\u00edvel anexo.<\/p>\n","protected":false},"excerpt":{"rendered":"<p>A Pol\u00edcia Civil do Tocantins, por meio da 1\u00aa Divis\u00e3o Especializada de Repress\u00e3o ao Crime Organizado (1\u00aa Deic Palmas), deflagrou na manh\u00e3 desta segunda-feira, 23, a segunda fase da opera\u00e7\u00e3o Rosetta&nbsp;contra membros de uma organiza\u00e7\u00e3o criminosa. Objetivo \u00e9 cumprir 22 mandados de pris\u00e3o preventiva e 32 mandados de busca e apreens\u00e3o em cidades do Tocantins, [&hellip;]<\/p>\n","protected":false},"author":2,"featured_media":7024,"comment_status":"open","ping_status":"open","sticky":false,"template":"","format":"standard","meta":[],"categories":[3],"tags":[13],"_links":{"self":[{"href":"https:\/\/dgospel.com.br\/portal\/index.php\/wp-json\/wp\/v2\/posts\/7023"}],"collection":[{"href":"https:\/\/dgospel.com.br\/portal\/index.php\/wp-json\/wp\/v2\/posts"}],"about":[{"href":"https:\/\/dgospel.com.br\/portal\/index.php\/wp-json\/wp\/v2\/types\/post"}],"author":[{"embeddable":true,"href":"https:\/\/dgospel.com.br\/portal\/index.php\/wp-json\/wp\/v2\/users\/2"}],"replies":[{"embeddable":true,"href":"https:\/\/dgospel.com.br\/portal\/index.php\/wp-json\/wp\/v2\/comments?post=7023"}],"version-history":[{"count":1,"href":"https:\/\/dgospel.com.br\/portal\/index.php\/wp-json\/wp\/v2\/posts\/7023\/revisions"}],"predecessor-version":[{"id":7025,"href":"https:\/\/dgospel.com.br\/portal\/index.php\/wp-json\/wp\/v2\/posts\/7023\/revisions\/7025"}],"wp:featuredmedia":[{"embeddable":true,"href":"https:\/\/dgospel.com.br\/portal\/index.php\/wp-json\/wp\/v2\/media\/7024"}],"wp:attachment":[{"href":"https:\/\/dgospel.com.br\/portal\/index.php\/wp-json\/wp\/v2\/media?parent=7023"}],"wp:term":[{"taxonomy":"category","embeddable":true,"href":"https:\/\/dgospel.com.br\/portal\/index.php\/wp-json\/wp\/v2\/categories?post=7023"},{"taxonomy":"post_tag","embeddable":true,"href":"https:\/\/dgospel.com.br\/portal\/index.php\/wp-json\/wp\/v2\/tags?post=7023"}],"curies":[{"name":"wp","href":"https:\/\/api.w.org\/{rel}","templated":true}]}}