{"id":7026,"date":"2020-11-25T09:46:23","date_gmt":"2020-11-25T12:46:23","guid":{"rendered":"http:\/\/dgospel.com.br\/portal\/?p=7026"},"modified":"2020-11-25T09:46:26","modified_gmt":"2020-11-25T12:46:26","slug":"deputado-quer-proibir-o-uso-do-genero-neutro-no-brasil","status":"publish","type":"post","link":"https:\/\/dgospel.com.br\/portal\/index.php\/2020\/11\/25\/deputado-quer-proibir-o-uso-do-genero-neutro-no-brasil\/","title":{"rendered":"Deputado quer proibir o uso do \u201cg\u00eanero neutro\u201d no Brasil"},"content":{"rendered":"\n<p> Ap\u00f3s um col\u00e9gio do Rio de Janeiro decidir inovar e adotar o \u201cterceiro g\u00eanero\u201d dentro da institui\u00e7\u00e3o, o assunto \u201cneutraliza\u00e7\u00e3o de g\u00eanero\u201d da L\u00edngua Portuguesa ganhou destaque no pa\u00eds. Por causa, o deputado federal Junio Amaral (PSL-MG) apresentou um\u00a0<a href=\"https:\/\/www.camara.leg.br\/proposicoesWeb\/fichadetramitacao?idProposicao=2265327\">projeto de lei<\/a>\u00a0para proibir o uso do \u201cg\u00eanero neutro\u201d por parte de institui\u00e7\u00f5es de ensino e bancas examinadoras do Brasil. <\/p>\n\n\n\n<p> Como justificativa para a proposta, Junio Amaral afirmou que a medida foi uma \u201cresposta a tentativas isoladas de impor ao conjunto do todo nacional uma vis\u00e3o lingu\u00edstica que reconheceria no portugu\u00eas um terceiro g\u00eanero, o neutro, ao lado dos g\u00eaneros masculino e feminino. A justificativa seria a inclus\u00e3o de pessoas que n\u00e3o se identificam com nenhum dos dois g\u00eaneros ou, no caso do plural, para se referir a ambos de modo neutro\u201d. <\/p>\n\n\n\n<p>O deputado ressaltou que \u201cessa \u00e9 uma vis\u00e3o distorcida da realidade e que, no fundo,tem como objetivo principal provocar caos amplo e generalizado nos conceitos lingu\u00edsticos para que, em se destruindo a l\u00edngua,se destrua a mem\u00f3ria e a capacidade cr\u00edtica das pessoas\u201d.<\/p>\n\n\n\n<p>O parlamentar apontou ainda que a \u201cl\u00edngua e suas regras gramaticais amadureceram ao longo de s\u00e9culos e continuam a evoluir, mas de modo lento e extensivamente refletido\u201d e deixou claro que esse tipo de mudan\u00e7a poderia \u201ccorromper o liame comunicacional mais elementar de um povo: sua l\u00edngua, o que faria jogar por terra todos os seus valores, identidade e hist\u00f3ria comum\u201d.<\/p>\n\n\n\n<p>A proposta foi compartilhada pela deputada federal Bia Kicis, que manifestou seu apoio.<\/p>\n\n\n\n<figure class=\"wp-block-image\"><img src=\"https:\/\/static.cdn.pleno.news\/2020\/11\/Kicis2.png\" alt=\"\" class=\"wp-image-610126\"\/><\/figure>\n","protected":false},"excerpt":{"rendered":"<p>Ap\u00f3s um col\u00e9gio do Rio de Janeiro decidir inovar e adotar o \u201cterceiro g\u00eanero\u201d dentro da institui\u00e7\u00e3o, o assunto \u201cneutraliza\u00e7\u00e3o de g\u00eanero\u201d da L\u00edngua Portuguesa ganhou destaque no pa\u00eds. Por causa, o deputado federal Junio Amaral (PSL-MG) apresentou um\u00a0projeto de lei\u00a0para proibir o uso do \u201cg\u00eanero neutro\u201d por parte de institui\u00e7\u00f5es de ensino e bancas [&hellip;]<\/p>\n","protected":false},"author":2,"featured_media":7027,"comment_status":"open","ping_status":"open","sticky":false,"template":"","format":"standard","meta":[],"categories":[4],"tags":[13,14],"_links":{"self":[{"href":"https:\/\/dgospel.com.br\/portal\/index.php\/wp-json\/wp\/v2\/posts\/7026"}],"collection":[{"href":"https:\/\/dgospel.com.br\/portal\/index.php\/wp-json\/wp\/v2\/posts"}],"about":[{"href":"https:\/\/dgospel.com.br\/portal\/index.php\/wp-json\/wp\/v2\/types\/post"}],"author":[{"embeddable":true,"href":"https:\/\/dgospel.com.br\/portal\/index.php\/wp-json\/wp\/v2\/users\/2"}],"replies":[{"embeddable":true,"href":"https:\/\/dgospel.com.br\/portal\/index.php\/wp-json\/wp\/v2\/comments?post=7026"}],"version-history":[{"count":1,"href":"https:\/\/dgospel.com.br\/portal\/index.php\/wp-json\/wp\/v2\/posts\/7026\/revisions"}],"predecessor-version":[{"id":7028,"href":"https:\/\/dgospel.com.br\/portal\/index.php\/wp-json\/wp\/v2\/posts\/7026\/revisions\/7028"}],"wp:featuredmedia":[{"embeddable":true,"href":"https:\/\/dgospel.com.br\/portal\/index.php\/wp-json\/wp\/v2\/media\/7027"}],"wp:attachment":[{"href":"https:\/\/dgospel.com.br\/portal\/index.php\/wp-json\/wp\/v2\/media?parent=7026"}],"wp:term":[{"taxonomy":"category","embeddable":true,"href":"https:\/\/dgospel.com.br\/portal\/index.php\/wp-json\/wp\/v2\/categories?post=7026"},{"taxonomy":"post_tag","embeddable":true,"href":"https:\/\/dgospel.com.br\/portal\/index.php\/wp-json\/wp\/v2\/tags?post=7026"}],"curies":[{"name":"wp","href":"https:\/\/api.w.org\/{rel}","templated":true}]}}