{"id":703,"date":"2018-07-05T13:34:20","date_gmt":"2018-07-05T16:34:20","guid":{"rendered":"http:\/\/dgospel.com.br\/portal\/?p=703"},"modified":"2018-07-05T13:34:20","modified_gmt":"2018-07-05T16:34:20","slug":"tarifa-de-agua-tera-alta-de-648-a-partir-de-julho-no-tocantins","status":"publish","type":"post","link":"https:\/\/dgospel.com.br\/portal\/index.php\/2018\/07\/05\/tarifa-de-agua-tera-alta-de-648-a-partir-de-julho-no-tocantins\/","title":{"rendered":"Tarifa de \u00e1gua ter\u00e1 alta de 6,48% a partir de julho no Tocantins"},"content":{"rendered":"<p>A tarifa de \u00e1gua est\u00e1 mais alta a partir deste m\u00eas de julho em 47 cidades atendidas pela empresa BRK Ambiental no Tocantins. O reajuste \u00e9 de 6,48%. Al\u00e9m disso, os consumidores v\u00e3o pagar o valor retroativo a mar\u00e7o deste ano. Este \u00e9 o terceiro aumento em servi\u00e7os essenciais anunciado nesta semana.<\/p>\n<p style=\"font-style: inherit; font-weight: inherit;\" data-track-category=\"Link no Texto\" data-track-links=\"\">O reajuste foi menor que o feito em 2017,\u00a0<a style=\"font-style: inherit;\" href=\"http:\/\/g1.globo.com\/to\/tocantins\/noticia\/2017\/03\/contas-de-agua-ficam-127-mais-caras-partir-de-abril-no-tocantins.html\"><strong>quando os consumidores passaram a pagar 12,7%<\/strong><\/a>\u00a0a mais pela \u00e1gua tratada. De acordo com a BRK Ambiental, todas as categorias de clientes ter\u00e3o o mesmo reajuste.<\/p>\n<p style=\"font-style: inherit; font-weight: inherit;\" data-track-category=\"Link no Texto\" data-track-links=\"\">Para os clientes residenciais que t\u00eam a tarifa b\u00e1sica e consomem at\u00e9 10 mil litros, cerca de 60% dos clientes da concession\u00e1ria, o aumento ser\u00e1 de R$ 2,75. O valor da tarifa vai de R$ 42,31 para R$ 45,06.<\/p>\n<p style=\"font-style: inherit; font-weight: inherit;\" data-track-category=\"Link no Texto\" data-track-links=\"\">No caso dos mais de 80 mil moradores que t\u00eam a chamada tarifa social, o valor pelos 10 mil litros de \u00e1gua vai ficar em R$ 13,97.<\/p>\n<p style=\"font-style: inherit; font-weight: inherit;\" data-track-category=\"Link no Texto\" data-track-links=\"\">Segundo a empresa, o percentual ser\u00e1 repassado devido desequil\u00edbrios tarif\u00e1rios passados que n\u00e3o haviam sido concedidos. &#8220;O reajuste referente a mar\u00e7o de 2018 estava suspenso, mas uma decis\u00e3o judicial, de maio, determina a aplica\u00e7\u00e3o deste percentual.&#8221;<\/p>\n<p style=\"font-style: inherit; font-weight: inherit;\" data-track-category=\"Link no Texto\" data-track-links=\"\">Ainda conforme a BRK Ambiental, o valor foi informado aos clientes nas faturas de junho e passar\u00e1 a valer a partir nas faturas entregues em julho.<\/p>\n<p style=\"font-style: inherit; font-weight: inherit;\" data-track-category=\"Link no Texto\" data-track-links=\"\">Por outro lado, as cidades que s\u00e3o abastecidas pela Ag\u00eancia Tocantinense de Saneamento (ATS) tiveram um reajuste bem menor: 2,95%. O aumento levou em conta a infla\u00e7\u00e3o dos meses de janeiro a dezembro de 2017, considerando o \u00cdndice de Pre\u00e7os ao Consumidor (IPCA).<\/p>\n<h2 style=\"font-style: inherit; font-weight: inherit;\">Outros reajustes<\/h2>\n<p style=\"font-style: inherit; font-weight: inherit;\">No in\u00edcio da semana, a Energisa anunciou e implementou um aumento m\u00e9dio de 10,13% na tarifa de energia. O consumidor residencial que pagava,\u00a0<a style=\"font-style: inherit;\" href=\"https:\/\/g1.globo.com\/to\/tocantins\/noticia\/morador-corta-fio-do-chuveiro-eletrico-apos-reajuste-na-energia-banho-so-com-agua-fria.ghtml\"><strong>por exemplo, R$ 150 pelo consumo de energia, passa a pagar R$ 165, em m\u00e9dia.<\/strong><\/a><\/p>\n<p style=\"font-style: inherit; font-weight: inherit;\" data-track-category=\"Link no Texto\" data-track-links=\"\">Nesta quarta-feira, a Petrobras tamb\u00e9m reajustou o pre\u00e7o do botij\u00e3o de g\u00e1s de 13 kg em\u00a0<a style=\"font-style: inherit;\" href=\"https:\/\/g1.globo.com\/politica\/blog\/valdo-cruz\/post\/2018\/07\/04\/petrobras-sobe-o-preco-do-gas-de-cozinha-em-44-nas-refinarias.ghtml\"><strong>4,4 nas refinarias<\/strong><\/a>. O sindicato dos revendedores do Tocantins informou que ainda aguarda a remessa chegar para verificar qual ser\u00e1 o aumento para o consumidor final.<\/p>\n<p><strong>\u00a0<\/strong><\/p>\n<p>Fonte:\u00a0G1 Tocantins<\/p>\n","protected":false},"excerpt":{"rendered":"<p>A tarifa de \u00e1gua est\u00e1 mais alta a partir deste m\u00eas de julho em 47 cidades atendidas pela empresa BRK Ambiental no Tocantins. O reajuste \u00e9 de 6,48%. Al\u00e9m disso, os consumidores v\u00e3o pagar o valor retroativo a mar\u00e7o deste ano. Este \u00e9 o terceiro aumento em servi\u00e7os essenciais anunciado nesta semana. O reajuste foi [&hellip;]<\/p>\n","protected":false},"author":2,"featured_media":704,"comment_status":"open","ping_status":"open","sticky":false,"template":"","format":"standard","meta":[],"categories":[2,3],"tags":[],"_links":{"self":[{"href":"https:\/\/dgospel.com.br\/portal\/index.php\/wp-json\/wp\/v2\/posts\/703"}],"collection":[{"href":"https:\/\/dgospel.com.br\/portal\/index.php\/wp-json\/wp\/v2\/posts"}],"about":[{"href":"https:\/\/dgospel.com.br\/portal\/index.php\/wp-json\/wp\/v2\/types\/post"}],"author":[{"embeddable":true,"href":"https:\/\/dgospel.com.br\/portal\/index.php\/wp-json\/wp\/v2\/users\/2"}],"replies":[{"embeddable":true,"href":"https:\/\/dgospel.com.br\/portal\/index.php\/wp-json\/wp\/v2\/comments?post=703"}],"version-history":[{"count":1,"href":"https:\/\/dgospel.com.br\/portal\/index.php\/wp-json\/wp\/v2\/posts\/703\/revisions"}],"predecessor-version":[{"id":705,"href":"https:\/\/dgospel.com.br\/portal\/index.php\/wp-json\/wp\/v2\/posts\/703\/revisions\/705"}],"wp:featuredmedia":[{"embeddable":true,"href":"https:\/\/dgospel.com.br\/portal\/index.php\/wp-json\/wp\/v2\/media\/704"}],"wp:attachment":[{"href":"https:\/\/dgospel.com.br\/portal\/index.php\/wp-json\/wp\/v2\/media?parent=703"}],"wp:term":[{"taxonomy":"category","embeddable":true,"href":"https:\/\/dgospel.com.br\/portal\/index.php\/wp-json\/wp\/v2\/categories?post=703"},{"taxonomy":"post_tag","embeddable":true,"href":"https:\/\/dgospel.com.br\/portal\/index.php\/wp-json\/wp\/v2\/tags?post=703"}],"curies":[{"name":"wp","href":"https:\/\/api.w.org\/{rel}","templated":true}]}}