{"id":7032,"date":"2020-11-25T20:35:27","date_gmt":"2020-11-25T23:35:27","guid":{"rendered":"http:\/\/dgospel.com.br\/portal\/?p=7032"},"modified":"2020-11-25T20:37:45","modified_gmt":"2020-11-25T23:37:45","slug":"carlesse-reassume-palacio-araguaia-e-agradece-antonio-andrade-pelo-trabalho-realizado-a-frente-do-executivo","status":"publish","type":"post","link":"https:\/\/dgospel.com.br\/portal\/index.php\/2020\/11\/25\/carlesse-reassume-palacio-araguaia-e-agradece-antonio-andrade-pelo-trabalho-realizado-a-frente-do-executivo\/","title":{"rendered":"Carlesse reassume Pal\u00e1cio Araguaia e agradece Antonio Andrade pelo trabalho realizado \u00e0 frente do Executivo"},"content":{"rendered":"\n<p>O governador do Estado do Tocantins, Mauro Carlesse, reassumiu na manh\u00e3 desta quarta-feira, 25, o comando do Executivo Estadual, que desde o \u00faltimo dia 18, vinha sendo exercido pelo deputado estadual e presidente da Assembleia Legislativa do Tocantins (AL-TO), Antonio Andrade. Na ocasi\u00e3o, ele agradeceu e parabenizou o parlamentar pelo trabalho realizado nesses dias e por ter dado continuidade \u00e0s a\u00e7\u00f5es da Gest\u00e3o.<\/p>\n\n\n\n<p>\u201cO nosso projeto \u00e9 fazer com que esse Estado seja diferente e que as decis\u00f5es sejam tomadas em parceria. \u00c9 um cuidado grande que devemos ter, caminhar firmes e unidos. O Estado n\u00e3o pode mais errar. N\u00e3o pode cada um puxar para um lado. Sou um Governador municipalista e voc\u00ea entendeu bem isso e deu continuidade\u201d, destacou o governador Carlesse.<\/p>\n\n\n\n<p>O Governador ressaltou ainda que a\u00e7\u00f5es da Gest\u00e3o visam um planejamento em longo prazo. \u201cO que tinha que ser feito, foi feito e agora estamos colhendo frutos. Sa\u00edmos de uma situa\u00e7\u00e3o bem dif\u00edcil, colocamos nessa posi\u00e7\u00e3o de equil\u00edbrio e vamos entregar esse Estado bem redondinho para o pr\u00f3ximo gestor. Todas as \u00e1reas est\u00e3o sendo beneficiadas e em todos os munic\u00edpios. Estamos planejando o Estado para 30 anos com respeito ao cidad\u00e3o e ao dinheiro p\u00fablico\u201d, garantiu.<\/p>\n\n\n\n<p>Presente ao evento, o vice-governador do Tocantins, Wanderlei Barbosa, destacou a uni\u00e3o entre os poderes. \u201cEstamos aqui representando a todos. Quando o Governador oportuniza que a Assembleia possa governar, estamos dando oportunidade para o povo. Essa boa rela\u00e7\u00e3o \u00e9 important\u00edssima para o Tocantins e os seus cidad\u00e3os\u201d, frisou.<\/p>\n\n\n\n<p>O presidente da Assembleia Legislativa, Antonio Andrade, acompanhado de sua esposa, Virg\u00ednia Andrade, destacou que o desejo de todo agente p\u00fablico \u00e9 um dia governar o seu Estado e que esse sonho ele p\u00f4de realizar nesse breve per\u00edodo de tempo. \u201c\u00c9 muito gratificante, fiquei muito feliz e honrado. Procuramos fazer o melhor para representar o povo do Estado do Tocantins. Tive a oportunidade de dar posse a novos procuradores, entregar ve\u00edculos, visitar v\u00e1rios munic\u00edpios e as obras da nova ponte de Porto Nacional. Vi o tanto que aquela obra est\u00e1 adiantada e que, a partir de 20 de dezembro, j\u00e1 v\u00e3o come\u00e7ar a fazer os pilares dentro da \u00e1gua. Ent\u00e3o \u00e9 uma passagem curta pelo Governo, mas que marcou a minha vida\u201d, ressaltou, informando que entrar\u00e1 de licen\u00e7a m\u00e9dica nesta semana&nbsp;para fazer uma cirurgia.<\/p>\n\n\n\n<p>Tamb\u00e9m participaram da cerim\u00f4nia o presidente do Tribunal de Contas do Estado (TCE), Severiano Costandrade; os deputados estaduais Eduardo do Dertins, Cleiton Cardoso, Am\u00e9lio Cayres, Valderez Castelo Branco; e os secret\u00e1rios de Estado, Sandro Armando (Fazenda e Planejamento), Rolf Vidal (Casa Civil), Cristiano Sampaio (Seguran\u00e7a P\u00fablica), Heber Fidelis (Cidadania e Justi\u00e7a), e Jos\u00e9 Humberto Marquez (Assuntos Parlamentares).<\/p>\n\n\n\n<p><strong>Balan\u00e7o das a\u00e7\u00f5es<\/strong><\/p>\n\n\n\n<p>Ao ocupar o posto mais alto, o ent\u00e3o governador em exerc\u00edcio, deputado&nbsp;Antonio&nbsp;Andrade, mostrou a unidade entre o Governo do Tocantins e o Legislativo, mantendo o car\u00e1ter municipalista da Gest\u00e3o. Visitou munic\u00edpios de v\u00e1rias regi\u00f5es do Tocantins, conversou com prefeitos rec\u00e9m-eleitos e tamb\u00e9m os recebeu no Pal\u00e1cio Araguaia.<\/p>\n\n\n\n<p>J\u00e1 como governador, o primeiro ato, ainda na manh\u00e3 do dia 18 de novembro, foi participar do encerramento dos trabalhos do Comit\u00ea Estadual de Combate aos Inc\u00eandios Florestais e Controle de Queimadas, que, com a\u00e7\u00f5es de preven\u00e7\u00e3o, fiscaliza\u00e7\u00e3o e combate aos inc\u00eandios, realizado de janeiro a 25 de outubro deste ano, resultou na redu\u00e7\u00e3o de cerca de 12% no n\u00famero de focos de calor. Na ocasi\u00e3o, entregou oito novas caminhonetes para composi\u00e7\u00e3o da frota do Instituto Natureza do Tocantins (Naturatins) que ser\u00e3o destinados \u00e0s regionais de Aragua\u00edna, Gurupi e tamb\u00e9m para a sede do \u00f3rg\u00e3o, localizada em Palmas.<\/p>\n\n\n\n<p>No segundo dia, visitou Museu Hist\u00f3rico do Tocantins (Palacinho) onde participou da abertura oficial da exposi\u00e7\u00e3o permanente \u201cSiqueira Campos, um estadista do setentri\u00e3o goiano ao Tocantins\u201d. A exposi\u00e7\u00e3o \u00e9 composta por 24 pain\u00e9is e tamb\u00e9m por objetos doados pelo homenageado, o ex-governador Siqueira Campos.<\/p>\n\n\n\n<p>Na sexta-feira, 20, antes de embarcar para uma jornada de visitas a munic\u00edpios do interior do Estado, o governador em exerc\u00edcio deu posse a seis novos procuradores que passaram a integrar os quadros da Procuradoria-Geral do Estado do Tocantins (PGE).<\/p>\n\n\n\n<p>No interior, iniciou as visitas aos prefeitos eleitos, pela regi\u00e3o sudeste do Tocantins, passando por Paran\u00e3 e Chapada da Natividade, onde se reuniu com os prefeitos eleitos F\u00e1bio da Farm\u00e1cia (Paran\u00e3), Edmar da Constru\u00e7\u00e3o (S\u00e3o Salvador), \u00c9lio Dion\u00edzio (Chapada da Natividade) e o vice-prefeito de Natividade, Felipe Ferreira.<\/p>\n\n\n\n<p>No s\u00e1bado, 21, passou por Lagoa da Confus\u00e3o, onde se reuniu com o prefeito eleito, Thiago Soares Carlos e o vice Salustiano Barros (Salu); seguiu para Formoso do Araguaia, onde participou de uma comemora\u00e7\u00e3o com a comunidade local e o mais jovem prefeito eleito do Tocantins, Heno Rodrigues. J\u00e1 no domingo, 22, o compromisso foi em S\u00edtio Novo, onde foi recepcionado pelo deputado Jair Farias e pelo prefeito reeleito, Alexandre Farias.<\/p>\n\n\n\n<p>De volta \u00e0 Capital, na segunda-feira, 23, fez quest\u00e3o de receber, individualmente, 21 novos prefeitos que assumem as gest\u00f5es municipais a partir de 1\u00b0 de janeiro de 2021. Aos eleitos, Antonio Andrade refor\u00e7ou a import\u00e2ncia das parcerias estabelecidas entre o Governo Estadual e as gest\u00f5es municipais, para que a popula\u00e7\u00e3o seja beneficiada de forma mais eficaz.<\/p>\n\n\n\n<p>No \u00faltimo dia \u00e0 frente do Governo do Estado, o governador em exerc\u00edcio realizou uma vistoria \u00e0s obras da ponte sobre o Rio Tocantins, que est\u00e1 sendo constru\u00edda em Porto Nacional, que constitui o principal elo entre Porto Nacional e a BR-153.<\/p>\n","protected":false},"excerpt":{"rendered":"<p>O governador do Estado do Tocantins, Mauro Carlesse, reassumiu na manh\u00e3 desta quarta-feira, 25, o comando do Executivo Estadual, que desde o \u00faltimo dia 18, vinha sendo exercido pelo deputado estadual e presidente da Assembleia Legislativa do Tocantins (AL-TO), Antonio Andrade. Na ocasi\u00e3o, ele agradeceu e parabenizou o parlamentar pelo trabalho realizado nesses dias e [&hellip;]<\/p>\n","protected":false},"author":2,"featured_media":7033,"comment_status":"open","ping_status":"open","sticky":false,"template":"","format":"standard","meta":[],"categories":[3],"tags":[13],"_links":{"self":[{"href":"https:\/\/dgospel.com.br\/portal\/index.php\/wp-json\/wp\/v2\/posts\/7032"}],"collection":[{"href":"https:\/\/dgospel.com.br\/portal\/index.php\/wp-json\/wp\/v2\/posts"}],"about":[{"href":"https:\/\/dgospel.com.br\/portal\/index.php\/wp-json\/wp\/v2\/types\/post"}],"author":[{"embeddable":true,"href":"https:\/\/dgospel.com.br\/portal\/index.php\/wp-json\/wp\/v2\/users\/2"}],"replies":[{"embeddable":true,"href":"https:\/\/dgospel.com.br\/portal\/index.php\/wp-json\/wp\/v2\/comments?post=7032"}],"version-history":[{"count":1,"href":"https:\/\/dgospel.com.br\/portal\/index.php\/wp-json\/wp\/v2\/posts\/7032\/revisions"}],"predecessor-version":[{"id":7034,"href":"https:\/\/dgospel.com.br\/portal\/index.php\/wp-json\/wp\/v2\/posts\/7032\/revisions\/7034"}],"wp:featuredmedia":[{"embeddable":true,"href":"https:\/\/dgospel.com.br\/portal\/index.php\/wp-json\/wp\/v2\/media\/7033"}],"wp:attachment":[{"href":"https:\/\/dgospel.com.br\/portal\/index.php\/wp-json\/wp\/v2\/media?parent=7032"}],"wp:term":[{"taxonomy":"category","embeddable":true,"href":"https:\/\/dgospel.com.br\/portal\/index.php\/wp-json\/wp\/v2\/categories?post=7032"},{"taxonomy":"post_tag","embeddable":true,"href":"https:\/\/dgospel.com.br\/portal\/index.php\/wp-json\/wp\/v2\/tags?post=7032"}],"curies":[{"name":"wp","href":"https:\/\/api.w.org\/{rel}","templated":true}]}}