{"id":7038,"date":"2020-11-25T20:39:45","date_gmt":"2020-11-25T23:39:45","guid":{"rendered":"http:\/\/dgospel.com.br\/portal\/?p=7038"},"modified":"2020-11-25T20:39:47","modified_gmt":"2020-11-25T23:39:47","slug":"carlesse-recebe-membros-do-conselho-nacional-do-ministerio-publico-e-fortalece-parceria-para-seguranca-publica","status":"publish","type":"post","link":"https:\/\/dgospel.com.br\/portal\/index.php\/2020\/11\/25\/carlesse-recebe-membros-do-conselho-nacional-do-ministerio-publico-e-fortalece-parceria-para-seguranca-publica\/","title":{"rendered":"Carlesse recebe membros do Conselho Nacional do Minist\u00e9rio P\u00fablico e fortalece parceria para Seguran\u00e7a P\u00fablica"},"content":{"rendered":"\n<p>O governador do Estado do Tocantins, Mauro Carlesse, recebeu nesta quarta-feira, 25, no Pal\u00e1cio Araguaia, a visita de membros da Corregedoria Nacional do Minist\u00e9rio P\u00fablico (CNMP), que est\u00e3o de passagem pelo Tocantins para acompanhar o trabalho das promotorias que atuam no combate de crimes contra a vida, na fiscaliza\u00e7\u00e3o do sistema prisional e no controle externo da atividade policial.<\/p>\n\n\n\n<p>Por meio&nbsp;do corregedor Nacional do Minist\u00e9rio P\u00fablico, Rinaldo Reis Lima e da procuradora-geral de Justi\u00e7a do Minist\u00e9rio P\u00fablico do Tocantins (MP\/TO), Maria Cotinha Bezerra, foram apresentados os resultados parciais da correi\u00e7\u00e3o extraordin\u00e1ria nas promotorias de Palmas e Aragua\u00edna, al\u00e9m da proposta de parceria com o Executivo Estadual.<\/p>\n\n\n\n<p>Na ocasi\u00e3o, os membros da CNMP e MP\/TO destacaram o bom trabalho desenvolvido pelas promotorias de justi\u00e7a, al\u00e9m de indicar a\u00e7\u00f5es pontuais que poder\u00e3o melhorar o servi\u00e7o de seguran\u00e7a p\u00fablica no Estado, entre elas, a amplia\u00e7\u00e3o do efetivo da Pol\u00edcia Militar tocantinense.<\/p>\n\n\n\n<p>O governador&nbsp;Mauro Carlesse&nbsp;destacou que&nbsp;a reuni\u00e3o foi positiva&nbsp;e&nbsp;agradeceu a oportunidade de poder conhecer as sugest\u00f5es do CNMP, colocando a&nbsp;Gest\u00e3o Estadual \u00e0 disposi\u00e7\u00e3o.<\/p>\n\n\n\n<p>\u201cEstamos aqui para colaborar com aquilo que for preciso. Ouvimos com bastante aten\u00e7\u00e3o as recomenda\u00e7\u00f5es e demais sugest\u00f5es que nos foram repassadas, elaboradas&nbsp;por meio&nbsp;de um trabalho de excel\u00eancia por parte da Corregedoria Nacional e tamb\u00e9m do nosso Minist\u00e9rio P\u00fablico. J\u00e1 estamos caminhando para dar segmento em tudo isso. Sobre o efetivo da PM, por exemplo, teremos o edital do concurso publicado nos pr\u00f3ximos dias, o que vai resolver uma demanda de urg\u00eancia para a seguran\u00e7a do povo tocantinense\u201d, afirmou o Governador.<\/p>\n\n\n\n<p><strong>Corregedoria Nacional do Minist\u00e9rio P\u00fablico<\/strong><\/p>\n\n\n\n<p>A Corregedoria Nacional est\u00e1 trabalhando em todo o pa\u00eds para promover correi\u00e7\u00f5es tem\u00e1ticas, alinhadas diretamente aos interesses priorit\u00e1rios da sociedade. No Tocantins, a a\u00e7\u00e3o teve in\u00edcio na segunda-feira, 23, e foi finalizada nesta quarta-feira, 25. Este primeiro ciclo de correi\u00e7\u00e3o extraordin\u00e1ria tem como tema o combate aos crimes violentos, letais intencionais, al\u00e9m da fiscaliza\u00e7\u00e3o do sistema prisional e do controle externo da atividade policial.<\/p>\n\n\n\n<p>O corregedor Rinaldo Reis Lima esclareceu a necessidade de se conhecer de perto os \u00f3rg\u00e3os de seguran\u00e7a p\u00fablica, para assim poder aferir&nbsp;melhor a atua\u00e7\u00e3o do MP\/TO. \u201cEscolhemos o Tocantins porque, lamentavelmente&nbsp;os estados&nbsp;do Norte e Nordeste tiveram um incremento da criminalidade de crimes violentos, e n\u00e3o temos como aferir a qualidade do Minist\u00e9rio P\u00fablico sem conhecer os \u00f3rg\u00e3os que trabalham com a seguran\u00e7a p\u00fablica. Por isso, pedimos essa reuni\u00e3o com o governador Mauro Carlesse, que est\u00e1 de parab\u00e9ns pela redu\u00e7\u00e3o no n\u00famero de homic\u00eddios, que verificamos que j\u00e1 est\u00e1 ocorrendo no Estado, al\u00e9m do aporte de recursos que tem sido feito para as \u00e1reas de seguran\u00e7a,&nbsp;Pol\u00edcia militar,&nbsp;Pol\u00edcia&nbsp;Civil e Secretaria de Cidadania e Justi\u00e7a [respons\u00e1vel pelo sistema prisional]\u201d,&nbsp;frisou.<\/p>\n\n\n\n<p>O Corregedor Nacional tamb\u00e9m aproveitou a reuni\u00e3o com o governador Mauro Carlesse para indicar outras medidas pontuais que ser\u00e3o ben\u00e9ficas para o Estado. \u201cViemos ainda apresentar aquilo que pode ser melhorado, como aumentar a quantidade de delegados e mais efetivo de policiais militares. Sa\u00edmos daqui felizes, porque o Governador j\u00e1 disse que est\u00e1 lan\u00e7ando um edital para contratar mais militares e que far\u00e1 novos investimentos em delegacias e estrutura\u00e7\u00e3o das for\u00e7as de seguran\u00e7a. Estamos bem impressionados com o trabalho do Minist\u00e9rio P\u00fablico do Tocantins e com o Governo do Tocantins\u201d, .<\/p>\n\n\n\n<p><strong>Parceria<\/strong><\/p>\n\n\n\n<p>A procuradora-geral de Justi\u00e7a do Tocantins, Maria Cotinha Bezerra Pereira, destacou o trabalho em conjunto entre os \u00f3rg\u00e3os de seguran\u00e7a e promotorias de justi\u00e7a.<\/p>\n\n\n\n<p>\u201cDe fato, os indicadores e percentuais de crimes violentos na regi\u00e3o Norte s\u00e3o elevados. Por essa raz\u00e3o, a Corregedoria Nacional deliberou as correi\u00e7\u00f5es no Tocantins. Ocorre que esse trabalho j\u00e1 vem sendo feito e tivemos a oportunidade de ver com o secret\u00e1rio de Seguran\u00e7a P\u00fablica que nossos indicadores est\u00e3o nos mesmos patamares. Essa pol\u00edtica em conjunto j\u00e1 vem sendo feita, atrav\u00e9s da Secretaria de Seguran\u00e7a P\u00fablica, Minist\u00e9rio P\u00fablico, Pol\u00edcia Militar e poder Executivo\u201d, afirmou.<\/p>\n\n\n\n<p>O titular da Secretaria de Estado de Seguran\u00e7a P\u00fablica, Cristiano Sampaio, destacou a efici\u00eancia da parceria entre o Executivo&nbsp;Estadual&nbsp;e Minist\u00e9rio P\u00fablico, que produziram bons resultados no Tocantins. \u201c\u00c9 uma parceria importante pois temos os mesmos objetivos. O que o Minist\u00e9rio P\u00fablico quer, que \u00e9 a redu\u00e7\u00e3o dos crimes,&nbsp;que&nbsp;\u00e9 nossa obriga\u00e7\u00e3o e a nossa miss\u00e3o. Temos feitos muitos esfor\u00e7os e os resultados j\u00e1 est\u00e3o aparecendo aqui no Estado. Esperamos que essa parceria possa ajudar a fortalecer esse processo, colhendo bons frutos e tornando o Tocantins mais seguro\u201d,&nbsp;assegurou.<\/p>\n\n\n\n<p><strong>Presen\u00e7as<\/strong><\/p>\n\n\n\n<p>Estiveram presentes na reuni\u00e3o desta quarta-feira, 25, os secret\u00e1rios de Estado Rolf Vidal (Casa Civil); Sandro Armando (Fazenda e Planejamento); Heber Fidelis (Cidadania e Justi\u00e7a); al\u00e9m do chefe do Estado Maior da Pol\u00edcia Militar do Tocantins, coronel M\u00e1rcio Ant\u00f4nio Barbosa; a&nbsp;delegada-geral da Pol\u00edcia Civil, Raimunda Bezerra de Souza; o promotor de Justi\u00e7a, Luciano Casaroti; o coordenador-geral da CNMP, Benedito Torres Neto; o ouvidor nacional do Minist\u00e9rio P\u00fablico, conselheiro do CNMP, Oswaldo D\u2019Albuquerque;&nbsp;al\u00e9m do membro auxiliar da CNMP, Ediene Lousado.<\/p>\n","protected":false},"excerpt":{"rendered":"<p>O governador do Estado do Tocantins, Mauro Carlesse, recebeu nesta quarta-feira, 25, no Pal\u00e1cio Araguaia, a visita de membros da Corregedoria Nacional do Minist\u00e9rio P\u00fablico (CNMP), que est\u00e3o de passagem pelo Tocantins para acompanhar o trabalho das promotorias que atuam no combate de crimes contra a vida, na fiscaliza\u00e7\u00e3o do sistema prisional e no controle [&hellip;]<\/p>\n","protected":false},"author":2,"featured_media":7039,"comment_status":"open","ping_status":"open","sticky":false,"template":"","format":"standard","meta":[],"categories":[3],"tags":[13],"_links":{"self":[{"href":"https:\/\/dgospel.com.br\/portal\/index.php\/wp-json\/wp\/v2\/posts\/7038"}],"collection":[{"href":"https:\/\/dgospel.com.br\/portal\/index.php\/wp-json\/wp\/v2\/posts"}],"about":[{"href":"https:\/\/dgospel.com.br\/portal\/index.php\/wp-json\/wp\/v2\/types\/post"}],"author":[{"embeddable":true,"href":"https:\/\/dgospel.com.br\/portal\/index.php\/wp-json\/wp\/v2\/users\/2"}],"replies":[{"embeddable":true,"href":"https:\/\/dgospel.com.br\/portal\/index.php\/wp-json\/wp\/v2\/comments?post=7038"}],"version-history":[{"count":1,"href":"https:\/\/dgospel.com.br\/portal\/index.php\/wp-json\/wp\/v2\/posts\/7038\/revisions"}],"predecessor-version":[{"id":7040,"href":"https:\/\/dgospel.com.br\/portal\/index.php\/wp-json\/wp\/v2\/posts\/7038\/revisions\/7040"}],"wp:featuredmedia":[{"embeddable":true,"href":"https:\/\/dgospel.com.br\/portal\/index.php\/wp-json\/wp\/v2\/media\/7039"}],"wp:attachment":[{"href":"https:\/\/dgospel.com.br\/portal\/index.php\/wp-json\/wp\/v2\/media?parent=7038"}],"wp:term":[{"taxonomy":"category","embeddable":true,"href":"https:\/\/dgospel.com.br\/portal\/index.php\/wp-json\/wp\/v2\/categories?post=7038"},{"taxonomy":"post_tag","embeddable":true,"href":"https:\/\/dgospel.com.br\/portal\/index.php\/wp-json\/wp\/v2\/tags?post=7038"}],"curies":[{"name":"wp","href":"https:\/\/api.w.org\/{rel}","templated":true}]}}