{"id":7041,"date":"2020-11-25T21:33:43","date_gmt":"2020-11-26T00:33:43","guid":{"rendered":"http:\/\/dgospel.com.br\/portal\/?p=7041"},"modified":"2020-11-25T21:33:44","modified_gmt":"2020-11-26T00:33:44","slug":"em-brasilia-prefeita-cinthia-busca-liberacao-de-recursos-federais-para-obras-de-melhoria-na-cidade","status":"publish","type":"post","link":"https:\/\/dgospel.com.br\/portal\/index.php\/2020\/11\/25\/em-brasilia-prefeita-cinthia-busca-liberacao-de-recursos-federais-para-obras-de-melhoria-na-cidade\/","title":{"rendered":"Em Bras\u00edlia, prefeita Cinthia busca libera\u00e7\u00e3o de recursos federais para obras de melhoria na cidade"},"content":{"rendered":"\n<p>A prefeita de Palmas, Cinthia Ribeiro (PSDB) cumpre agenda em Bras\u00edlia nesta quarta e quinta-feira, 25 e 26, ocasi\u00e3o em que manter\u00e1 contato com representantes da bancada federal, investidores, e se integra ao esfor\u00e7o de outros prefeitos que se encontram na Capital Federal para garantir a melhor aloca\u00e7\u00e3o de recursos de emendas parlamentares para seus munic\u00edpios no Or\u00e7amento Geral da Uni\u00e3o (OGU).<\/p>\n\n\n\n<p>Cinthia Ribeiro vai se reunir com o senador Eduardo Gomes e a deputada federal Professora Dorinha, para discutir emendas parlamentares de interesse de Palmas que poder\u00e3o ser alocados no OGU.<\/p>\n\n\n\n<p>A prefeita lembra que a pandemia afetou a economia de todos os munic\u00edpios, e com Palmas n\u00e3o foi diferente, embora a gest\u00e3o tenha feito o dever de casa, e implementado solu\u00e7\u00f5es para impedir que essa queda afetasse os servi\u00e7os essenciais. \u201cO Munic\u00edpio de Palmas \u00e9 reconhecido pela sua capacidade de execu\u00e7\u00e3o de recursos de conv\u00eanio, e queremos sim, contar com mais dinheiro para a\u00e7\u00f5es estruturantes como a constru\u00e7\u00e3o de novas escolas de tempo integral, CMEIs, unidades de sa\u00fade, Hospital Escola Municipal, unidades habitacionais e mais obras de infraestrutura urbana\u201d, explica Cinthia.<\/p>\n\n\n\n<p>Prefeitas e prefeitos de todo o Brasil circulam em Bras\u00edlia nesses dias com o objetivo de assegurar recursos de emendas parlamentares para seus Munic\u00edpios.<br><\/p>\n","protected":false},"excerpt":{"rendered":"<p>A prefeita de Palmas, Cinthia Ribeiro (PSDB) cumpre agenda em Bras\u00edlia nesta quarta e quinta-feira, 25 e 26, ocasi\u00e3o em que manter\u00e1 contato com representantes da bancada federal, investidores, e se integra ao esfor\u00e7o de outros prefeitos que se encontram na Capital Federal para garantir a melhor aloca\u00e7\u00e3o de recursos de emendas parlamentares para seus [&hellip;]<\/p>\n","protected":false},"author":2,"featured_media":7042,"comment_status":"open","ping_status":"open","sticky":false,"template":"","format":"standard","meta":[],"categories":[4],"tags":[13],"_links":{"self":[{"href":"https:\/\/dgospel.com.br\/portal\/index.php\/wp-json\/wp\/v2\/posts\/7041"}],"collection":[{"href":"https:\/\/dgospel.com.br\/portal\/index.php\/wp-json\/wp\/v2\/posts"}],"about":[{"href":"https:\/\/dgospel.com.br\/portal\/index.php\/wp-json\/wp\/v2\/types\/post"}],"author":[{"embeddable":true,"href":"https:\/\/dgospel.com.br\/portal\/index.php\/wp-json\/wp\/v2\/users\/2"}],"replies":[{"embeddable":true,"href":"https:\/\/dgospel.com.br\/portal\/index.php\/wp-json\/wp\/v2\/comments?post=7041"}],"version-history":[{"count":1,"href":"https:\/\/dgospel.com.br\/portal\/index.php\/wp-json\/wp\/v2\/posts\/7041\/revisions"}],"predecessor-version":[{"id":7043,"href":"https:\/\/dgospel.com.br\/portal\/index.php\/wp-json\/wp\/v2\/posts\/7041\/revisions\/7043"}],"wp:featuredmedia":[{"embeddable":true,"href":"https:\/\/dgospel.com.br\/portal\/index.php\/wp-json\/wp\/v2\/media\/7042"}],"wp:attachment":[{"href":"https:\/\/dgospel.com.br\/portal\/index.php\/wp-json\/wp\/v2\/media?parent=7041"}],"wp:term":[{"taxonomy":"category","embeddable":true,"href":"https:\/\/dgospel.com.br\/portal\/index.php\/wp-json\/wp\/v2\/categories?post=7041"},{"taxonomy":"post_tag","embeddable":true,"href":"https:\/\/dgospel.com.br\/portal\/index.php\/wp-json\/wp\/v2\/tags?post=7041"}],"curies":[{"name":"wp","href":"https:\/\/api.w.org\/{rel}","templated":true}]}}