{"id":7044,"date":"2020-11-26T09:02:31","date_gmt":"2020-11-26T12:02:31","guid":{"rendered":"http:\/\/dgospel.com.br\/portal\/?p=7044"},"modified":"2020-11-26T09:02:33","modified_gmt":"2020-11-26T12:02:33","slug":"deputado-antonio-andrade-destaca-passagem-pelo-executivo","status":"publish","type":"post","link":"https:\/\/dgospel.com.br\/portal\/index.php\/2020\/11\/26\/deputado-antonio-andrade-destaca-passagem-pelo-executivo\/","title":{"rendered":"Deputado Ant\u00f4nio Andrade destaca passagem pelo Executivo"},"content":{"rendered":"\n<p>Ap\u00f3s 7 dias como governador em exerc\u00edcio do Estado do Tocantins, o deputado Ant\u00f4nio Andrade (PTB), passou o cargo ao governador Mauro Carlesse (DEM), em solenidade informal, &nbsp;na sala de reuni\u00f5es do Pal\u00e1cio Araguaia, na manh\u00e3 desta quarta-feira (25). \u201cFoi uma semana especial para mim, pois tive mais uma oportunidade de trabalhar pelo Tocantins. Um experi\u00eancia onde foi poss\u00edvel cumprir uma agenda de a\u00e7\u00f5es &nbsp;gra\u00e7as ao relacionamento harmonioso com o governador Carlesse e demais &nbsp;poderes constitu\u00eddos do nosso Estado\u201d disse Andrade.<\/p>\n\n\n\n<p>Ainda em seu pronunciamento, o deputado destacou alguns pontos de&nbsp; sua agenda de trabalho no breve per\u00edodo, como a visita ao canteiro de obras &nbsp;da ponte sobre o Rio Tocantins, que est\u00e1 sendo constru\u00edda na cidade de Porto Nacional. Ele declarou que ficou&nbsp; satisfeito por constatar que as obras est\u00e3o avan\u00e7ando, e anunciou o in\u00edcio da constru\u00e7\u00e3o dos primeiros pilares da ponte, previsto para&nbsp; de dia 20 de dezembro deste ano.<\/p>\n\n\n\n<p>A Ordem de Servi\u00e7o para a constru\u00e7\u00e3o da nova ponte de Porto Nacional foi assinada em setembro de 2019. A obra constitui o principal elo de liga\u00e7\u00e3o de Porto Nacional \u00e0 rodovia BR-153.<\/p>\n\n\n\n<p><strong>Licen\u00e7a<\/strong><\/p>\n\n\n\n<p>No mesmo ato, Ant\u00f4nio Andrade informou que inicia nesta quarta-feira, 25, outro per\u00edodo de licen\u00e7a da Assembleia Legislativa, por sete dias, para tratamento de sa\u00fade. Em seu lugar, permanece interinamente no comanda da Casa, o deputado Eduardo Bonagura (Cidadania), que j\u00e1 responde pelo Poder Legislativo desde o dia 18 deste m\u00eas.<\/p>\n\n\n\n<p>A solenidade contou com a presen\u00e7a dos parlamentares Eduardo Bonagura (presidente em exerc\u00edcio), Claiton Cardoso (PTC), Am\u00e9lio Cayres (Solidariedade) e Valderez Castelo Branco (PP), al\u00e9m do vice-governador licenciado Wanderlei Barbosa, o presidente do Tribunal de Contas do Estado (TCE), Severiano Costandrade e a primeira-dama da Aleto, Virginha Andrade.<\/p>\n","protected":false},"excerpt":{"rendered":"<p>Ap\u00f3s 7 dias como governador em exerc\u00edcio do Estado do Tocantins, o deputado Ant\u00f4nio Andrade (PTB), passou o cargo ao governador Mauro Carlesse (DEM), em solenidade informal, &nbsp;na sala de reuni\u00f5es do Pal\u00e1cio Araguaia, na manh\u00e3 desta quarta-feira (25). \u201cFoi uma semana especial para mim, pois tive mais uma oportunidade de trabalhar pelo Tocantins. Um [&hellip;]<\/p>\n","protected":false},"author":2,"featured_media":7045,"comment_status":"open","ping_status":"open","sticky":false,"template":"","format":"standard","meta":[],"categories":[8],"tags":[],"_links":{"self":[{"href":"https:\/\/dgospel.com.br\/portal\/index.php\/wp-json\/wp\/v2\/posts\/7044"}],"collection":[{"href":"https:\/\/dgospel.com.br\/portal\/index.php\/wp-json\/wp\/v2\/posts"}],"about":[{"href":"https:\/\/dgospel.com.br\/portal\/index.php\/wp-json\/wp\/v2\/types\/post"}],"author":[{"embeddable":true,"href":"https:\/\/dgospel.com.br\/portal\/index.php\/wp-json\/wp\/v2\/users\/2"}],"replies":[{"embeddable":true,"href":"https:\/\/dgospel.com.br\/portal\/index.php\/wp-json\/wp\/v2\/comments?post=7044"}],"version-history":[{"count":1,"href":"https:\/\/dgospel.com.br\/portal\/index.php\/wp-json\/wp\/v2\/posts\/7044\/revisions"}],"predecessor-version":[{"id":7046,"href":"https:\/\/dgospel.com.br\/portal\/index.php\/wp-json\/wp\/v2\/posts\/7044\/revisions\/7046"}],"wp:featuredmedia":[{"embeddable":true,"href":"https:\/\/dgospel.com.br\/portal\/index.php\/wp-json\/wp\/v2\/media\/7045"}],"wp:attachment":[{"href":"https:\/\/dgospel.com.br\/portal\/index.php\/wp-json\/wp\/v2\/media?parent=7044"}],"wp:term":[{"taxonomy":"category","embeddable":true,"href":"https:\/\/dgospel.com.br\/portal\/index.php\/wp-json\/wp\/v2\/categories?post=7044"},{"taxonomy":"post_tag","embeddable":true,"href":"https:\/\/dgospel.com.br\/portal\/index.php\/wp-json\/wp\/v2\/tags?post=7044"}],"curies":[{"name":"wp","href":"https:\/\/api.w.org\/{rel}","templated":true}]}}