{"id":7047,"date":"2020-11-26T09:13:43","date_gmt":"2020-11-26T12:13:43","guid":{"rendered":"http:\/\/dgospel.com.br\/portal\/?p=7047"},"modified":"2020-11-26T09:13:44","modified_gmt":"2020-11-26T12:13:44","slug":"governador-carlesse-mantem-suspensao-das-aulas-presenciais-e-jornada-de-6-horas-para-os-servidores-publicos-ate-31-de-dezembro","status":"publish","type":"post","link":"https:\/\/dgospel.com.br\/portal\/index.php\/2020\/11\/26\/governador-carlesse-mantem-suspensao-das-aulas-presenciais-e-jornada-de-6-horas-para-os-servidores-publicos-ate-31-de-dezembro\/","title":{"rendered":"Governador Carlesse mant\u00e9m suspens\u00e3o das aulas presenciais e jornada de 6 horas para os servidores p\u00fablicos at\u00e9 31 de dezembro"},"content":{"rendered":"\n<p>O governador do Estado do Tocantins, Mauro Carlesse, decidiu manter, at\u00e9 o dia 31 de dezembro de 2020, a suspens\u00e3o das atividades educacionais presenciais (exceto a \u00faltima etapa da Educa\u00e7\u00e3o B\u00e1sica e a Educa\u00e7\u00e3o Superior), a jornada de 6 horas, para os servidores p\u00fablicos estaduais, e a proibi\u00e7\u00e3o de eventos que causem aglomera\u00e7\u00e3o. As medidas constam no Decreto n\u00b0 6.185, que foi&nbsp;publicado no Di\u00e1rio Oficial do Estado (DOE), edi\u00e7\u00e3o desta quarta-feira, 25.<\/p>\n\n\n\n<p>Conforme o Decreto, as aulas para os alunos da \u00faltima etapa da Educa\u00e7\u00e3o B\u00e1sica e acad\u00eamicos das universidades, que atuam no \u00e2mbito do Estado do Tocantins, poder\u00e3o ser ministradas tanto na modalidade presencial quanto n\u00e3o presencial. Para as aulas presenciais, deve ser respeitado o Protocolo de Seguran\u00e7a em Sa\u00fade, elaborado pelo Governo do Tocantins (Portaria Conjunta n\u00b0 2\/2020, publicada no DOE da \u00faltima ter\u00e7a-feira, 27).<\/p>\n\n\n\n<p><strong>Jornada de trabalho<\/strong><\/p>\n\n\n\n<p>Quanto \u00e0 jornada de trabalho dos servidores p\u00fablicos estaduais, o Decreto mant\u00e9m a redu\u00e7\u00e3o, de 8 para 6 horas, nas unidades da Administra\u00e7\u00e3o P\u00fablica Direta e Indireta do Poder Executivo Estadual. A jornada pode ser fixada, das 8 \u00e0s 14 horas, ou no hor\u00e1rio alternativo, das 14 \u00e0s 20 horas.<\/p>\n\n\n\n<p>O mesmo n\u00e3o se aplica \u00e0s unidades do&nbsp;<em>\u00c9 Pra J\u00e1<\/em>, uma vez que os servidores j\u00e1 cumprem a jornada laboral em turnos, de segunda a sexta-feira, das 7 \u00e0s 13 horas, e das 13 \u00e0s 19 horas, e aos s\u00e1bados, das 8 \u00e0s 12 horas.<\/p>\n\n\n\n<p>O trabalho de forma remota segue assegurado aos idosos, com idade igual ou superior a 60 anos; gestantes e lactantes, considerando-se para estas o lactente de at\u00e9 um ano de vida; aqueles que mantenham sob sua guarda crian\u00e7a com idade inferior a seis meses de vida; e aos portadores de doen\u00e7as respirat\u00f3rias cr\u00f4nicas, cardiopatias, diabetes, hipertens\u00e3o ou outras afec\u00e7\u00f5es que deprimam o sistema imunol\u00f3gico.<\/p>\n\n\n\n<p><strong>Eventos que causem aglomera\u00e7\u00f5es<\/strong><\/p>\n\n\n\n<p>O decreto tamb\u00e9m mant\u00e9m a veda\u00e7\u00e3o de realiza\u00e7\u00e3o de eventos e de reuni\u00f5es de qualquer natureza, de car\u00e1ter p\u00fablico ou privado, inclu\u00eddas excurs\u00f5es, em que ocorra a aglomera\u00e7\u00e3o de pessoas, excetuando-se os casos expressamente autorizados por ato do Chefe do Poder Executivo Municipal, respeitados os respectivos planos de conting\u00eancia e as regras para enfrentamento do novo Coronav\u00edrus.<\/p>\n","protected":false},"excerpt":{"rendered":"<p>O governador do Estado do Tocantins, Mauro Carlesse, decidiu manter, at\u00e9 o dia 31 de dezembro de 2020, a suspens\u00e3o das atividades educacionais presenciais (exceto a \u00faltima etapa da Educa\u00e7\u00e3o B\u00e1sica e a Educa\u00e7\u00e3o Superior), a jornada de 6 horas, para os servidores p\u00fablicos estaduais, e a proibi\u00e7\u00e3o de eventos que causem aglomera\u00e7\u00e3o. As medidas [&hellip;]<\/p>\n","protected":false},"author":2,"featured_media":7048,"comment_status":"open","ping_status":"open","sticky":false,"template":"","format":"standard","meta":[],"categories":[3],"tags":[13],"_links":{"self":[{"href":"https:\/\/dgospel.com.br\/portal\/index.php\/wp-json\/wp\/v2\/posts\/7047"}],"collection":[{"href":"https:\/\/dgospel.com.br\/portal\/index.php\/wp-json\/wp\/v2\/posts"}],"about":[{"href":"https:\/\/dgospel.com.br\/portal\/index.php\/wp-json\/wp\/v2\/types\/post"}],"author":[{"embeddable":true,"href":"https:\/\/dgospel.com.br\/portal\/index.php\/wp-json\/wp\/v2\/users\/2"}],"replies":[{"embeddable":true,"href":"https:\/\/dgospel.com.br\/portal\/index.php\/wp-json\/wp\/v2\/comments?post=7047"}],"version-history":[{"count":1,"href":"https:\/\/dgospel.com.br\/portal\/index.php\/wp-json\/wp\/v2\/posts\/7047\/revisions"}],"predecessor-version":[{"id":7049,"href":"https:\/\/dgospel.com.br\/portal\/index.php\/wp-json\/wp\/v2\/posts\/7047\/revisions\/7049"}],"wp:featuredmedia":[{"embeddable":true,"href":"https:\/\/dgospel.com.br\/portal\/index.php\/wp-json\/wp\/v2\/media\/7048"}],"wp:attachment":[{"href":"https:\/\/dgospel.com.br\/portal\/index.php\/wp-json\/wp\/v2\/media?parent=7047"}],"wp:term":[{"taxonomy":"category","embeddable":true,"href":"https:\/\/dgospel.com.br\/portal\/index.php\/wp-json\/wp\/v2\/categories?post=7047"},{"taxonomy":"post_tag","embeddable":true,"href":"https:\/\/dgospel.com.br\/portal\/index.php\/wp-json\/wp\/v2\/tags?post=7047"}],"curies":[{"name":"wp","href":"https:\/\/api.w.org\/{rel}","templated":true}]}}