{"id":7053,"date":"2020-11-26T09:33:40","date_gmt":"2020-11-26T12:33:40","guid":{"rendered":"http:\/\/dgospel.com.br\/portal\/?p=7053"},"modified":"2020-11-26T09:33:41","modified_gmt":"2020-11-26T12:33:41","slug":"irma-de-juliana-paes-estreia-como-apresentadora-gospel-e-entrevista-os-outros-dois-irmaos-evangelicos-da-atriz","status":"publish","type":"post","link":"https:\/\/dgospel.com.br\/portal\/index.php\/2020\/11\/26\/irma-de-juliana-paes-estreia-como-apresentadora-gospel-e-entrevista-os-outros-dois-irmaos-evangelicos-da-atriz\/","title":{"rendered":"Irm\u00e3 de Juliana Paes estreia como apresentadora gospel e entrevista os outros dois irm\u00e3os evang\u00e9licos da atriz"},"content":{"rendered":"\n<p>Irm\u00e3 mais velha de Juliana Paes, a empres\u00e1ria Rosana Paes estreou como apresentadora gospel num programa semanal na web. A atra\u00e7\u00e3o, que foi ao ar pela primeira vez na \u00faltima ter\u00e7a-feira, contou com a participa\u00e7\u00e3o dos outros dois irm\u00e3os da atriz, os ca\u00e7ulas Mariana e Junior Paes (na foto com ela acima), que tamb\u00e9m s\u00e3o evang\u00e9licos. O papo, claro, foi sobre f\u00e9, e os tr\u00eas testemunharam como iniciaram a caminhada com Cristo.<\/p>\n\n\n\n<p>A conversa foi interrompida algumas vezes para dar lugar a louvores e ora\u00e7\u00f5es e tinha at\u00e9 uma publicidade, divulgando o sal\u00e3o de beleza de propriedade de Rosana, em Niter\u00f3i, e que leva o nome da irm\u00e3 famosa. Foi l\u00e1, inclusive, que o programa foi gravado. A atra\u00e7\u00e3o, chamada de \u201cCaf\u00e9 com Rosana Paes\u201d, vai ao ar todas as ter\u00e7as-feiras no Facebook do Portal Ondas de Maric\u00e1.<\/p>\n\n\n\n<p>Rosana, assim como os irm\u00e3os, foi criada desde muito jovem no espiritismo e frequentou terreiros de umbanda. No programa, ela conta que se converteu por influ\u00eancia do irm\u00e3o ca\u00e7ula e foi batizada em uma igreja evang\u00e9lica em agosto.<\/p>\n\n\n\n<p>Em uma live recente, a int\u00e9rprete de Bibi Perigosa de \u201cA for\u00e7a do querer\u201d contou que \u201cnasceu na umbanda\u201de que sua av\u00f3 paterna era \u201cM\u00e3e de santo\u201d. \u201cTodas as minhas experi\u00eancias espirituais eu aprendi ali\u201d, disse. \u201cAo longo da minha vida, frequentei outros centros, entre eles kardecistas. Mas hoje n\u00e3o distingo nenhum caminho de f\u00e9\u201d, afirmou Ju Paes<\/p>\n","protected":false},"excerpt":{"rendered":"<p>Irm\u00e3 mais velha de Juliana Paes, a empres\u00e1ria Rosana Paes estreou como apresentadora gospel num programa semanal na web. A atra\u00e7\u00e3o, que foi ao ar pela primeira vez na \u00faltima ter\u00e7a-feira, contou com a participa\u00e7\u00e3o dos outros dois irm\u00e3os da atriz, os ca\u00e7ulas Mariana e Junior Paes (na foto com ela acima), que tamb\u00e9m s\u00e3o [&hellip;]<\/p>\n","protected":false},"author":2,"featured_media":7054,"comment_status":"open","ping_status":"open","sticky":false,"template":"","format":"standard","meta":[],"categories":[17,5],"tags":[],"_links":{"self":[{"href":"https:\/\/dgospel.com.br\/portal\/index.php\/wp-json\/wp\/v2\/posts\/7053"}],"collection":[{"href":"https:\/\/dgospel.com.br\/portal\/index.php\/wp-json\/wp\/v2\/posts"}],"about":[{"href":"https:\/\/dgospel.com.br\/portal\/index.php\/wp-json\/wp\/v2\/types\/post"}],"author":[{"embeddable":true,"href":"https:\/\/dgospel.com.br\/portal\/index.php\/wp-json\/wp\/v2\/users\/2"}],"replies":[{"embeddable":true,"href":"https:\/\/dgospel.com.br\/portal\/index.php\/wp-json\/wp\/v2\/comments?post=7053"}],"version-history":[{"count":1,"href":"https:\/\/dgospel.com.br\/portal\/index.php\/wp-json\/wp\/v2\/posts\/7053\/revisions"}],"predecessor-version":[{"id":7055,"href":"https:\/\/dgospel.com.br\/portal\/index.php\/wp-json\/wp\/v2\/posts\/7053\/revisions\/7055"}],"wp:featuredmedia":[{"embeddable":true,"href":"https:\/\/dgospel.com.br\/portal\/index.php\/wp-json\/wp\/v2\/media\/7054"}],"wp:attachment":[{"href":"https:\/\/dgospel.com.br\/portal\/index.php\/wp-json\/wp\/v2\/media?parent=7053"}],"wp:term":[{"taxonomy":"category","embeddable":true,"href":"https:\/\/dgospel.com.br\/portal\/index.php\/wp-json\/wp\/v2\/categories?post=7053"},{"taxonomy":"post_tag","embeddable":true,"href":"https:\/\/dgospel.com.br\/portal\/index.php\/wp-json\/wp\/v2\/tags?post=7053"}],"curies":[{"name":"wp","href":"https:\/\/api.w.org\/{rel}","templated":true}]}}