{"id":7057,"date":"2020-11-26T17:53:41","date_gmt":"2020-11-26T20:53:41","guid":{"rendered":"http:\/\/dgospel.com.br\/portal\/?p=7057"},"modified":"2020-11-26T17:53:42","modified_gmt":"2020-11-26T20:53:42","slug":"presidente-do-tj-assume-comando-do-executivo-durante-ferias-do-governador-carlesse","status":"publish","type":"post","link":"https:\/\/dgospel.com.br\/portal\/index.php\/2020\/11\/26\/presidente-do-tj-assume-comando-do-executivo-durante-ferias-do-governador-carlesse\/","title":{"rendered":"Presidente do TJ assume comando do Executivo durante f\u00e9rias do governador Carlesse"},"content":{"rendered":"\n<p>O presidente do Tribunal de Justi\u00e7a do Estado do Tocantins (TJ\/TO), desembargador Helv\u00e9cio de Brito Maia Neto, assumiu a chefia do Poder Executivo Estadual na manh\u00e3 desta quinta-feira, 26, em solenidade no Pal\u00e1cio Araguaia. O magistrado assume o cargo para que o governador Mauro Carlesse e seu vice&nbsp;Wanderlei Barbosa&nbsp;usufruam de mais sete dias de f\u00e9rias.&nbsp;<\/p>\n\n\n\n<p>Durante a cerim\u00f4nia, o governador Mauro Carlesse refor\u00e7ou a satisfa\u00e7\u00e3o de passar o comando do Estado a mais um chefe de Poder e destacou a import\u00e2ncia da harmonia entre as institui\u00e7\u00f5es. \u201cDesde o in\u00edcio do Governo, temos trabalhado para fazer uma Gest\u00e3o conjunta e este ato comprova isto: que o Tocantins \u00e9 privilegiado por ter uma harmonia concreta entre todos os Poderes. Temos uma rela\u00e7\u00e3o de interesse comum, que \u00e9 melhorar a vida da popula\u00e7\u00e3o. Estou muito satisfeito de ter passado a cadeira para o presidente da Assembleia&nbsp;e, agora, para o presidente do Tribunal de Justi\u00e7a. \u00c9 uma verdadeira honra para mim e \u00e9 o Tocantins quem ganha com isto\u201d, afirmou o Governador.&nbsp;<\/p>\n\n\n\n<p>O desembargador Neto Maia destacou que vai dar continuidade \u00e0 agenda institucional j\u00e1 estabelecida pelo Governo e que deseja contribuir da melhor forma poss\u00edvel. \u201cEstou muito lisonjeado por esta homenagem que \u00e9 prestada ao Poder Judici\u00e1rio e digo que estarei Governador por estes dias zelando pela harmonia entre as institui\u00e7\u00f5es. Farei isto com muita simplicidade, com muito cuidado, prud\u00eancia e responsabilidade. Tenho muito amor pelo Estado do Tocantins e quero colaborar com o que puder\u201d, garantiu. &nbsp;<\/p>\n\n\n\n<p>Na ocasi\u00e3o, o vice-governador Wanderlei Barbosa disse que o ato da passagem de comando do Executivo \u00e9 hist\u00f3rico. \u201cEsta \u00e9 uma rela\u00e7\u00e3o institucional hist\u00f3rica para a conviv\u00eancia institucional e social, porque a Assembleia representa o povo e o Judici\u00e1rio a nossa Justi\u00e7a. Estes gestores, que assumiu [Antonio Andrade] e que assume hoje [Helv\u00e9cio Maia], t\u00eam a oportunidade de passar pelo Governo e dar continuidade \u00e0s a\u00e7\u00f5es que j\u00e1 est\u00e3o sendo feitas. Eu me sinto prestigiado por fazer parte de uma Gest\u00e3o em que o Governador tem o desprendimento de deixar que todos fa\u00e7am parte do Governo\u201d, assegurou.&nbsp;<\/p>\n\n\n\n<p>Terceiro na linha sucess\u00f3ria para ocupar o cargo de Governador, conforme prev\u00ea a Constitui\u00e7\u00e3o Estadual, o desembargador Helv\u00e9cio Maia assume em decorr\u00eancia do afastamento do presidente da Assembleia Legislativa do Tocantins (Aleto), deputado estadual Antonio Andrade, que entrou de licen\u00e7a para tratamento de sa\u00fade.<\/p>\n\n\n\n<p><strong>Representa\u00e7\u00e3o&nbsp;<\/strong><\/p>\n\n\n\n<p>Tamb\u00e9m presente na solenidade, o presidente do Tribunal de Contas do Estado do Tocantins (TCE\/TO), conselheiro Severiano Costandrade, afirmou que a institui\u00e7\u00e3o se sente representada com o Executivo sendo ocupado pelo presidente de outro Poder. \u201cCom este ato, nos sentimos representados, \u00e9 um ato muito significativo de comprova que o Governador [Mauro Carlesse] cumpriu o que prometeu no in\u00edcio da Gest\u00e3o: o de governar o Tocantins com parceria, harmonia, em paz e com prosperidade\u201d, destacou.&nbsp;<\/p>\n\n\n\n<p>O desembargador Eur\u00edpedes do Carmo Lamounier, presidente do Tribunal Regional Eleitoral do Tocantins (TRE\/TO), ratificou as palavras do presidente do TCE. \u201cRefor\u00e7o o que diz o presidente Severiano e afirmo que tamb\u00e9m nos sentimos representados com este ato. O governador Carlesse trouxe leveza para o Tocantins, da gente se sentir honrado em ser cidad\u00e3o tocantinense. Nosso muito obrigado pela parceria e nossos parab\u00e9ns ao doutor Helv\u00e9cio\u201d, afirmou.&nbsp;<\/p>\n\n\n\n<p>Falando em nome dos deputados estaduais presentes, a deputada Valderez Castelo Branco afirmou \u201cnunca ter visto o que est\u00e1 acontecendo no Tocantins\u201d. \u201cPresenciamos a seguran\u00e7a de uma administra\u00e7\u00e3o transparente que preza pela harmonia e trabalha para fazer o melhor para o Estado\u201d, destacou.&nbsp;<\/p>\n\n\n\n<p>Estiveram presentes \u00e0&nbsp;solenidade secret\u00e1rios de&nbsp;Estado, presidentes de autarquias, autoridades judici\u00e1rias, deputados estaduais, presidentes de Poderes e familiares.<\/p>\n\n\n\n<p><strong>Perfil do Governador em Exerc\u00edcio<\/strong><\/p>\n\n\n\n<p>Presidente do TJ\/TO para o bi\u00eanio 2019-2021, o desembargador Helv\u00e9cio de Brito Maia Neto nasceu no dia 10 de dezembro de 1957, na cidade de Aracaju, Sergipe. \u00c9 filho de Ala\u00edde Moreira Maia e Lauro Augusto do Prado Maia.<\/p>\n\n\n\n<p>Formou-se Bacharel em Direito pela Universidade Tiradentes (Unit \u2013 Aracaju) em 1986. \u00c9 Especialista em Direito Constitucional pela Faculdade de Direito da Universidade de Lisboa (FDUL\/Esmape &#8211; 2014) e Mestre&nbsp;em Ci\u00eancias Constitucionais (FDUL\/Esmape \u2013 2014).<\/p>\n\n\n\n<p>Ainda em Aracaju, respondeu pelo cargo comissionado de Subdelegado da Pol\u00edcia de Aracaju, foi delegado Metropolitano da Pol\u00edcia de Aracaju e Defensor P\u00fablico de Aracaju.<\/p>\n\n\n\n<p>Ingressou na Magistratura em 1989, ap\u00f3s aprova\u00e7\u00e3o no primeiro concurso para juiz, do ent\u00e3o rec\u00e9m-criado Estado do Tocantins, atuando nas comarcas de Araguacema, Araguatins, Colinas, Para\u00edso e Palmas.<\/p>\n\n\n\n<p>Na magistratura tocantinense, atuou ainda como juiz corregedor do Tocantins, eleito em dois mandatos sucessivos (1990\/1992) e, na \u00e1rea acad\u00eamica, foi professor auxiliar pela Funda\u00e7\u00e3o Universidade do Tocantins (Unitins).<\/p>\n","protected":false},"excerpt":{"rendered":"<p>O presidente do Tribunal de Justi\u00e7a do Estado do Tocantins (TJ\/TO), desembargador Helv\u00e9cio de Brito Maia Neto, assumiu a chefia do Poder Executivo Estadual na manh\u00e3 desta quinta-feira, 26, em solenidade no Pal\u00e1cio Araguaia. O magistrado assume o cargo para que o governador Mauro Carlesse e seu vice&nbsp;Wanderlei Barbosa&nbsp;usufruam de mais sete dias de f\u00e9rias.&nbsp; [&hellip;]<\/p>\n","protected":false},"author":2,"featured_media":7058,"comment_status":"open","ping_status":"open","sticky":false,"template":"","format":"standard","meta":[],"categories":[3],"tags":[13],"_links":{"self":[{"href":"https:\/\/dgospel.com.br\/portal\/index.php\/wp-json\/wp\/v2\/posts\/7057"}],"collection":[{"href":"https:\/\/dgospel.com.br\/portal\/index.php\/wp-json\/wp\/v2\/posts"}],"about":[{"href":"https:\/\/dgospel.com.br\/portal\/index.php\/wp-json\/wp\/v2\/types\/post"}],"author":[{"embeddable":true,"href":"https:\/\/dgospel.com.br\/portal\/index.php\/wp-json\/wp\/v2\/users\/2"}],"replies":[{"embeddable":true,"href":"https:\/\/dgospel.com.br\/portal\/index.php\/wp-json\/wp\/v2\/comments?post=7057"}],"version-history":[{"count":1,"href":"https:\/\/dgospel.com.br\/portal\/index.php\/wp-json\/wp\/v2\/posts\/7057\/revisions"}],"predecessor-version":[{"id":7059,"href":"https:\/\/dgospel.com.br\/portal\/index.php\/wp-json\/wp\/v2\/posts\/7057\/revisions\/7059"}],"wp:featuredmedia":[{"embeddable":true,"href":"https:\/\/dgospel.com.br\/portal\/index.php\/wp-json\/wp\/v2\/media\/7058"}],"wp:attachment":[{"href":"https:\/\/dgospel.com.br\/portal\/index.php\/wp-json\/wp\/v2\/media?parent=7057"}],"wp:term":[{"taxonomy":"category","embeddable":true,"href":"https:\/\/dgospel.com.br\/portal\/index.php\/wp-json\/wp\/v2\/categories?post=7057"},{"taxonomy":"post_tag","embeddable":true,"href":"https:\/\/dgospel.com.br\/portal\/index.php\/wp-json\/wp\/v2\/tags?post=7057"}],"curies":[{"name":"wp","href":"https:\/\/api.w.org\/{rel}","templated":true}]}}