{"id":7066,"date":"2020-11-27T12:23:22","date_gmt":"2020-11-27T15:23:22","guid":{"rendered":"http:\/\/dgospel.com.br\/portal\/?p=7066"},"modified":"2020-11-27T12:23:23","modified_gmt":"2020-11-27T15:23:23","slug":"stf-decide-flexibilizar-data-de-concurso-por-motivo-religioso","status":"publish","type":"post","link":"https:\/\/dgospel.com.br\/portal\/index.php\/2020\/11\/27\/stf-decide-flexibilizar-data-de-concurso-por-motivo-religioso\/","title":{"rendered":"STF decide flexibilizar data de concurso por motivo religioso"},"content":{"rendered":"\n<p>O&nbsp;<a href=\"https:\/\/folhagospel.com\/stf-retira-retira-ideologia-de-genero-da-pauta-de-votacoes\/\" target=\"_blank\" rel=\"noreferrer noopener\">Supremo Tribunal Federal<\/a>&nbsp;(STF) decidiu, na sess\u00e3o desta quinta-feira (26), que \u00e9 poss\u00edvel a altera\u00e7\u00e3o de datas e hor\u00e1rios de etapas de concurso p\u00fablico para candidato que invoca a impossibilidade do comparecimento por motivos religiosos.<\/p>\n\n\n\n<p>O colegiado reconheceu, ainda, a possibilidade de a administra\u00e7\u00e3o p\u00fablica, durante o est\u00e1gio probat\u00f3rio, estabelecer crit\u00e9rios alternativos para o exerc\u00edcio dos deveres funcionais ao servidor p\u00fablico em avalia\u00e7\u00e3o.<\/p>\n\n\n\n<p>O Tribunal, por maioria, negou provimento ao Recurso Extraordin\u00e1rio (RE) 611874, em que a Uni\u00e3o questionava decis\u00e3o do Tribunal Regional Federal da 1\u00aa Regi\u00e3o (TRF1), que entendeu que um candidato adventista poderia realizar a avalia\u00e7\u00e3o f\u00edsica em data, hor\u00e1rio e local diverso do estabelecido no calend\u00e1rio do concurso p\u00fablico, desde que n\u00e3o houvesse mudan\u00e7a no cronograma do certame nem preju\u00edzo \u00e0 atividade administrativa.<\/p>\n\n\n\n<p>Tamb\u00e9m por decis\u00e3o majorit\u00e1ria, a Corte proveu o Recurso Extraordin\u00e1rio com Agravo (ARE) 1099099, interposto contra decis\u00e3o do Tribunal de Justi\u00e7a do Estado de S\u00e3o Paulo (TJ-SP) em mandado de seguran\u00e7a impetrado por uma professora adventista reprovada no est\u00e1gio probat\u00f3rio por n\u00e3o trabalhar entre o p\u00f4r do sol de sexta-feira e o de s\u00e1bado.<\/p>\n\n\n\n<p>O julgamento dos recursos teve in\u00edcio em 19\/11, com os votos dos relatores, e prosseguiu nas sess\u00f5es desta quarta e quinta-feira, com os votos dos demais ministros.<\/p>\n\n\n\n<p><strong>Razoabilidade<\/strong><\/p>\n\n\n\n<p>Prevaleceu o entendimento de que a prote\u00e7\u00e3o judicial \u00e0 liberdade religiosa prevista na Constitui\u00e7\u00e3o Federal e a fixa\u00e7\u00e3o de presta\u00e7\u00e3o ou crit\u00e9rios alternativos quando alegada escusa de consci\u00eancia \u00e9 necess\u00e1ria e obrigat\u00f3ria, desde que n\u00e3o fira a igualdade de competi\u00e7\u00e3o e do exerc\u00edcio de cargos p\u00fablicos e sejam observados os princ\u00edpios da proporcionalidade e da razoabilidade, e seja preservada a igualdade entre os candidatos.<\/p>\n\n\n\n<p><strong>Coletividade<\/strong><\/p>\n\n\n\n<p>Para o ministro Gilmar Mendes, primeiro a votar na sess\u00e3o de hoje, n\u00e3o \u00e9 razo\u00e1vel, em respeito aos princ\u00edpios da isonomia e da impessoalidade, a movimenta\u00e7\u00e3o da m\u00e1quina estatal para contemplar candidatos impossibilitados de realizar atividade em determinados hor\u00e1rios da semana em raz\u00e3o de convic\u00e7\u00f5es pessoais. \u201cA administra\u00e7\u00e3o n\u00e3o deve ficar \u00e0 merc\u00ea de particularidades de cada um dos candidatos\u201d, disse.<\/p>\n\n\n\n<p>Essa situa\u00e7\u00e3o, na sua avalia\u00e7\u00e3o, poderia conduzir \u00e0 inviabilidade do concurso p\u00fablico e afetar o interesse da coletividade, pois os conflitos podem afetar a presta\u00e7\u00e3o de servi\u00e7os p\u00fablicos essenciais \u00e0 sociedade. \u201cReconhecer o direito subjetivo de guarda de dia da semana a um professor, em determinados munic\u00edpios, pode significar \u00f3bice \u00e0 educa\u00e7\u00e3o da popula\u00e7\u00e3o local\u201d, observou.<\/p>\n\n\n\n<p>Mendes ficou vencido, ao aderir \u00e0 corrente composta pelos ministros Dias Toffoli (relator do RE 611874) e Nunes Marques.<\/p>\n\n\n\n<p><strong>Peculiaridades<\/strong><\/p>\n\n\n\n<p>Para o ministro Marco Aur\u00e9lio, no caso do candidato, n\u00e3o houve ofensa ao princ\u00edpio da isonomia nem \u00f4nus \u00e0 administra\u00e7\u00e3o p\u00fablica. O tratamento foi igualit\u00e1rio, uma vez que ele apenas realizou a prova de esfor\u00e7o com os candidatos de outro estado e n\u00e3o pretendeu uma segunda chamada. J\u00e1 no caso da professora paulista, n\u00e3o h\u00e1 direito l\u00edquido e certo a ser reparado, porque ela n\u00e3o justificou \u00e0 administra\u00e7\u00e3o p\u00fablica as 90 aus\u00eancias nem tentou permuta com colega, causando encargos \u00e0 administra\u00e7\u00e3o.<\/p>\n\n\n\n<p>\u00daltimo a votar, o ministro Luiz Fux aderiu \u00e0 corrente vencedora.<\/p>\n\n\n\n<p><strong>Teses<\/strong><\/p>\n\n\n\n<p>Ao final do julgamento, foram fixadas as seguintes teses de repercuss\u00e3o geral:<\/p>\n\n\n\n<p>No RE 611874: \u201cNos termos do artigo 5\u00ba, inciso VIII, da Constitui\u00e7\u00e3o Federal, \u00e9 poss\u00edvel a realiza\u00e7\u00e3o de etapas de concurso p\u00fablico em datas e hor\u00e1rios distintos dos previstos em edital, por candidato que invoca escusa de consci\u00eancia por motivos de cren\u00e7a religiosa, desde que presente a razoabilidade da altera\u00e7\u00e3o, a preserva\u00e7\u00e3o da igualdade entre todos os candidatos e que n\u00e3o acarreta \u00f4nus desproporcional \u00e0 administra\u00e7\u00e3o p\u00fablica, que dever\u00e1 decidir de maneira fundamentada\u201d.<\/p>\n\n\n\n<p>No ARE 1099099: \u201cNos termos do artigo 5\u00ba, VIII, da Constitui\u00e7\u00e3o Federal, \u00e9 poss\u00edvel \u00e0 administra\u00e7\u00e3o p\u00fablica, inclusive durante o est\u00e1gio probat\u00f3rio, estabelecer crit\u00e9rios alternativos para o regular exerc\u00edcio dos deveres funcionais inerentes aos cargos p\u00fablicos, em face de servidores que invocam escusa de consci\u00eancia por motivos de cren\u00e7a religiosa, desde que, presente a razoabilidade da altera\u00e7\u00e3o, n\u00e3o se caracterize o desvirtuamento no exerc\u00edcio de suas fun\u00e7\u00f5es e n\u00e3o acarrete \u00f4nus desproporcional \u00e0 administra\u00e7\u00e3o p\u00fablica, que dever\u00e1 decidir de maneira fundamentada\u201d.Advertisement<\/p>\n\n\n\n\n\n<p>Ficaram vencidos quanto \u00e0s teses os ministros Dias Toffoli, Nunes Marques, Gilmar Mendes e Marco Aur\u00e9lio.<\/p>\n\n\n\n<p><strong>Fonte: STF<\/strong><\/p>\n","protected":false},"excerpt":{"rendered":"<p>O&nbsp;Supremo Tribunal Federal&nbsp;(STF) decidiu, na sess\u00e3o desta quinta-feira (26), que \u00e9 poss\u00edvel a altera\u00e7\u00e3o de datas e hor\u00e1rios de etapas de concurso p\u00fablico para candidato que invoca a impossibilidade do comparecimento por motivos religiosos. O colegiado reconheceu, ainda, a possibilidade de a administra\u00e7\u00e3o p\u00fablica, durante o est\u00e1gio probat\u00f3rio, estabelecer crit\u00e9rios alternativos para o exerc\u00edcio dos [&hellip;]<\/p>\n","protected":false},"author":2,"featured_media":7067,"comment_status":"open","ping_status":"open","sticky":false,"template":"","format":"standard","meta":[],"categories":[5,4],"tags":[14],"_links":{"self":[{"href":"https:\/\/dgospel.com.br\/portal\/index.php\/wp-json\/wp\/v2\/posts\/7066"}],"collection":[{"href":"https:\/\/dgospel.com.br\/portal\/index.php\/wp-json\/wp\/v2\/posts"}],"about":[{"href":"https:\/\/dgospel.com.br\/portal\/index.php\/wp-json\/wp\/v2\/types\/post"}],"author":[{"embeddable":true,"href":"https:\/\/dgospel.com.br\/portal\/index.php\/wp-json\/wp\/v2\/users\/2"}],"replies":[{"embeddable":true,"href":"https:\/\/dgospel.com.br\/portal\/index.php\/wp-json\/wp\/v2\/comments?post=7066"}],"version-history":[{"count":1,"href":"https:\/\/dgospel.com.br\/portal\/index.php\/wp-json\/wp\/v2\/posts\/7066\/revisions"}],"predecessor-version":[{"id":7068,"href":"https:\/\/dgospel.com.br\/portal\/index.php\/wp-json\/wp\/v2\/posts\/7066\/revisions\/7068"}],"wp:featuredmedia":[{"embeddable":true,"href":"https:\/\/dgospel.com.br\/portal\/index.php\/wp-json\/wp\/v2\/media\/7067"}],"wp:attachment":[{"href":"https:\/\/dgospel.com.br\/portal\/index.php\/wp-json\/wp\/v2\/media?parent=7066"}],"wp:term":[{"taxonomy":"category","embeddable":true,"href":"https:\/\/dgospel.com.br\/portal\/index.php\/wp-json\/wp\/v2\/categories?post=7066"},{"taxonomy":"post_tag","embeddable":true,"href":"https:\/\/dgospel.com.br\/portal\/index.php\/wp-json\/wp\/v2\/tags?post=7066"}],"curies":[{"name":"wp","href":"https:\/\/api.w.org\/{rel}","templated":true}]}}