{"id":7072,"date":"2020-11-30T12:17:53","date_gmt":"2020-11-30T15:17:53","guid":{"rendered":"http:\/\/dgospel.com.br\/portal\/?p=7072"},"modified":"2020-11-30T12:17:54","modified_gmt":"2020-11-30T15:17:54","slug":"sete-presos-fogem-da-casa-de-prisao-provisoria-de-palmas-apos-abrirem-buraco-em-cela","status":"publish","type":"post","link":"https:\/\/dgospel.com.br\/portal\/index.php\/2020\/11\/30\/sete-presos-fogem-da-casa-de-prisao-provisoria-de-palmas-apos-abrirem-buraco-em-cela\/","title":{"rendered":"Sete presos fogem da Casa de Pris\u00e3o Provis\u00f3ria de Palmas ap\u00f3s abrirem buraco em cela"},"content":{"rendered":"\n<p>Uma fuga de presos ocorreu na Casa de Pris\u00e3o Provis\u00f3ria de Palmas entre a noite deste domingo (29) e a madrugada desta segunda-feira (30). A informa\u00e7\u00e3o \u00e9 de que sete homens escaparam ap\u00f3s abrirem um buraco na parede de uma cela.<\/p>\n\n\n\n<figure class=\"wp-block-image\"><img src=\"https:\/\/s2.glbimg.com\/i4IFF2We026cucY2oPNhyBHx67I=\/0x0:1042x612\/984x0\/smart\/filters:strip_icc()\/i.s3.glbimg.com\/v1\/AUTH_59edd422c0c84a879bd37670ae4f538a\/internal_photos\/bs\/2020\/M\/H\/TKuAoOSkCoBywH5jcexg\/160673789557216.jpg\" alt=\"Deusire Pereira Carvalho, Durval Gomes de Oliveira Filho, Joel Rodrigues Barbosa e Maycon Douglas Souza Castro \u2014 Foto: Divulga\u00e7\u00e3o\/Seciju\"\/><\/figure>\n\n\n\n<p>Deusire Pereira Carvalho, Durval Gomes de Oliveira Filho, Joel Rodrigues Barbosa e Maycon Douglas Souza Castro \u2014 Foto: Divulga\u00e7\u00e3o\/Seciju<\/p>\n\n\n\n<p>A Secretaria de Cidadania e Justi\u00e7a, respons\u00e1vel pelas unidades prisionais do estado, afirmou que as circunst\u00e2ncias est\u00e3o sendo apuradas e que todas as equipes de seguran\u00e7a do Estado se encontram em busca.<\/p>\n\n\n\n<p>Os presos foragidos s\u00e3o: Deusire Pereira Carvalho, Durval Gomes de Oliveira Filho, Joel Rodrigues Barbosa, Maycon Douglas Souza Castro, Olivan Batista Fialho, Reinaldo Fernandes de Oliveira e Renato David Freitas Santos.<\/p>\n\n\n\n<figure class=\"wp-block-image\"><img src=\"https:\/\/s2.glbimg.com\/dlfy2MU7YNWHAc8t3xNDOy9exYY=\/0x0:1052x592\/984x0\/smart\/filters:strip_icc()\/i.s3.glbimg.com\/v1\/AUTH_59edd422c0c84a879bd37670ae4f538a\/internal_photos\/bs\/2020\/u\/f\/T0byoJSGGfPqDKAHDGFw\/1606737968138374.jpg\" alt=\"Olivan Batista Fialho, Reinaldo Fernandes de Oliveira e Renato David Freitas Santos \u2014 Foto: Divulga\u00e7\u00e3o\/Seciju\"\/><\/figure>\n\n\n\n<p>Olivan Batista Fialho, Reinaldo Fernandes de Oliveira e Renato David Freitas Santos \u2014 Foto: Divulga\u00e7\u00e3o\/Seciju<\/p>\n\n\n\n\n\n<p>Os criminosos teriam fugido de uma cela de cust\u00f3dia onde os detentos ficam durante a triagem para separa\u00e7\u00e3o dentro da CPP. Quem tiver alguma informa\u00e7\u00e3o sobre o paradeiro dos foragidos deve ligar para o 190.<\/p>\n\n\n\n<figure class=\"wp-block-image\"><img src=\"https:\/\/s2.glbimg.com\/4b96JHK2ddJfbtEXwSLM2O09Y5E=\/0x0:1280x720\/984x0\/smart\/filters:strip_icc()\/i.s3.glbimg.com\/v1\/AUTH_59edd422c0c84a879bd37670ae4f538a\/internal_photos\/bs\/2020\/R\/L\/kgaTTqRWuI9BuumXNAcQ\/cpp.jpg\" alt=\"Casa de Pris\u00e3o Provis\u00f3ria de Palmas \u2014 Foto: Reprodu\u00e7\u00e3o\/TV Anhanguera\"\/><\/figure>\n\n\n\n<p>Casa de Pris\u00e3o Provis\u00f3ria de Palmas \u2014 Foto: Reprodu\u00e7\u00e3o\/TV Anhanguera<\/p>\n\n\n\n<p>Fonte: <strong>G1 Tocantins<\/strong><\/p>\n","protected":false},"excerpt":{"rendered":"<p>Uma fuga de presos ocorreu na Casa de Pris\u00e3o Provis\u00f3ria de Palmas entre a noite deste domingo (29) e a madrugada desta segunda-feira (30). A informa\u00e7\u00e3o \u00e9 de que sete homens escaparam ap\u00f3s abrirem um buraco na parede de uma cela. Deusire Pereira Carvalho, Durval Gomes de Oliveira Filho, Joel Rodrigues Barbosa e Maycon Douglas [&hellip;]<\/p>\n","protected":false},"author":2,"featured_media":7073,"comment_status":"open","ping_status":"open","sticky":false,"template":"","format":"standard","meta":[],"categories":[3],"tags":[13],"_links":{"self":[{"href":"https:\/\/dgospel.com.br\/portal\/index.php\/wp-json\/wp\/v2\/posts\/7072"}],"collection":[{"href":"https:\/\/dgospel.com.br\/portal\/index.php\/wp-json\/wp\/v2\/posts"}],"about":[{"href":"https:\/\/dgospel.com.br\/portal\/index.php\/wp-json\/wp\/v2\/types\/post"}],"author":[{"embeddable":true,"href":"https:\/\/dgospel.com.br\/portal\/index.php\/wp-json\/wp\/v2\/users\/2"}],"replies":[{"embeddable":true,"href":"https:\/\/dgospel.com.br\/portal\/index.php\/wp-json\/wp\/v2\/comments?post=7072"}],"version-history":[{"count":1,"href":"https:\/\/dgospel.com.br\/portal\/index.php\/wp-json\/wp\/v2\/posts\/7072\/revisions"}],"predecessor-version":[{"id":7074,"href":"https:\/\/dgospel.com.br\/portal\/index.php\/wp-json\/wp\/v2\/posts\/7072\/revisions\/7074"}],"wp:featuredmedia":[{"embeddable":true,"href":"https:\/\/dgospel.com.br\/portal\/index.php\/wp-json\/wp\/v2\/media\/7073"}],"wp:attachment":[{"href":"https:\/\/dgospel.com.br\/portal\/index.php\/wp-json\/wp\/v2\/media?parent=7072"}],"wp:term":[{"taxonomy":"category","embeddable":true,"href":"https:\/\/dgospel.com.br\/portal\/index.php\/wp-json\/wp\/v2\/categories?post=7072"},{"taxonomy":"post_tag","embeddable":true,"href":"https:\/\/dgospel.com.br\/portal\/index.php\/wp-json\/wp\/v2\/tags?post=7072"}],"curies":[{"name":"wp","href":"https:\/\/api.w.org\/{rel}","templated":true}]}}