{"id":7081,"date":"2020-12-01T15:19:59","date_gmt":"2020-12-01T18:19:59","guid":{"rendered":"http:\/\/dgospel.com.br\/portal\/?p=7081"},"modified":"2020-12-01T15:20:01","modified_gmt":"2020-12-01T18:20:01","slug":"em-meio-a-impeachment-witzel-se-batiza-em-igreja-evangelica","status":"publish","type":"post","link":"https:\/\/dgospel.com.br\/portal\/index.php\/2020\/12\/01\/em-meio-a-impeachment-witzel-se-batiza-em-igreja-evangelica\/","title":{"rendered":"Em meio a impeachment, Witzel se batiza em igreja evang\u00e9lica"},"content":{"rendered":"\n<p> Ainda vivendo um momento conturbado politicamente, o governador afastado do Rio de Janeiro, Wilson Witzel, decidiu se apegar \u00e0 f\u00e9 para tentar evitar sua iminente sa\u00edda do Pal\u00e1cio Guanabara. No \u00faltimo domingo (29), o ex-juiz federal se batizou em uma igreja evang\u00e9lica na Zona Norte da capital fluminense. A informa\u00e7\u00e3o foi divulgada pelo jornal O Dia. <\/p>\n\n\n\n<p>Segundo a publica\u00e7\u00e3o, a fam\u00edlia Witzel era bastante ligada \u00e0 espiritualidade enquanto permaneceu nos pal\u00e1cios Guanabara e Laranjeiras, com a primeira-dama, Helena Witzel, se consultando com uma esp\u00edrita antes da tomada de uma decis\u00e3o importante.<\/p>\n\n\n\n<figure class=\"wp-block-image\"><img src=\"https:\/\/static.cdn.pleno.news\/2020\/12\/Witzel-passou-por-batismo-no-%C3%BAltimo-domingo.jpeg\" alt=\"\" class=\"wp-image-614234\"\/><figcaption>Witzel passou por batismo no \u00faltimo domingo&nbsp;Foto: Reprodu\u00e7\u00e3o<\/figcaption><\/figure>\n\n\n\n<p><strong>SOBRE O PROCESSO DE IMPEACHMENT<br><\/strong>Na segunda-feira (30), Witzel apresentou sua defesa no processo de impeachment ao tribunal misto de julgamento, que dar\u00e1 a palavra final sobre a perda de mandato do ex-juiz. No documento, ele se defende das acusa\u00e7\u00f5es de irregularidades na contrata\u00e7\u00e3o da Organiza\u00e7\u00e3o Social (OS) Iabas para a constru\u00e7\u00e3o de hospitais de campanha e na requalifica\u00e7\u00e3o da Unir Sa\u00fade.<\/p>\n\n\n\n<p>O documento protocolado por Witzel pede que sejam ouvidas 13 testemunhas, entre elas o ex-secret\u00e1rio estadual de Sa\u00fade Edmar Santos e o empres\u00e1rio M\u00e1rio Peixoto, apontado pelo Minist\u00e9rio P\u00fablico Federal (MPF) como s\u00f3cio oculto das OSs.<\/p>\n\n\n\n<p>Com a entrega da defesa, o presidente do Tribunal de Justi\u00e7a do Rio (TJ-RJ) e do tribunal misto, desembargador Cl\u00e1udio de Mello Tavares, marcou para a pr\u00f3xima sexta-feira (4), \u00e0s 11 horas, nova sess\u00e3o do tribunal. Na ocasi\u00e3o, os cinco deputados e cinco desembargadores que integram o grupo v\u00e3o definir o calend\u00e1rio do julgamento.<\/p>\n","protected":false},"excerpt":{"rendered":"<p>Ainda vivendo um momento conturbado politicamente, o governador afastado do Rio de Janeiro, Wilson Witzel, decidiu se apegar \u00e0 f\u00e9 para tentar evitar sua iminente sa\u00edda do Pal\u00e1cio Guanabara. No \u00faltimo domingo (29), o ex-juiz federal se batizou em uma igreja evang\u00e9lica na Zona Norte da capital fluminense. A informa\u00e7\u00e3o foi divulgada pelo jornal O [&hellip;]<\/p>\n","protected":false},"author":2,"featured_media":7082,"comment_status":"open","ping_status":"open","sticky":false,"template":"","format":"standard","meta":[],"categories":[5,4],"tags":[13,14],"_links":{"self":[{"href":"https:\/\/dgospel.com.br\/portal\/index.php\/wp-json\/wp\/v2\/posts\/7081"}],"collection":[{"href":"https:\/\/dgospel.com.br\/portal\/index.php\/wp-json\/wp\/v2\/posts"}],"about":[{"href":"https:\/\/dgospel.com.br\/portal\/index.php\/wp-json\/wp\/v2\/types\/post"}],"author":[{"embeddable":true,"href":"https:\/\/dgospel.com.br\/portal\/index.php\/wp-json\/wp\/v2\/users\/2"}],"replies":[{"embeddable":true,"href":"https:\/\/dgospel.com.br\/portal\/index.php\/wp-json\/wp\/v2\/comments?post=7081"}],"version-history":[{"count":1,"href":"https:\/\/dgospel.com.br\/portal\/index.php\/wp-json\/wp\/v2\/posts\/7081\/revisions"}],"predecessor-version":[{"id":7083,"href":"https:\/\/dgospel.com.br\/portal\/index.php\/wp-json\/wp\/v2\/posts\/7081\/revisions\/7083"}],"wp:featuredmedia":[{"embeddable":true,"href":"https:\/\/dgospel.com.br\/portal\/index.php\/wp-json\/wp\/v2\/media\/7082"}],"wp:attachment":[{"href":"https:\/\/dgospel.com.br\/portal\/index.php\/wp-json\/wp\/v2\/media?parent=7081"}],"wp:term":[{"taxonomy":"category","embeddable":true,"href":"https:\/\/dgospel.com.br\/portal\/index.php\/wp-json\/wp\/v2\/categories?post=7081"},{"taxonomy":"post_tag","embeddable":true,"href":"https:\/\/dgospel.com.br\/portal\/index.php\/wp-json\/wp\/v2\/tags?post=7081"}],"curies":[{"name":"wp","href":"https:\/\/api.w.org\/{rel}","templated":true}]}}